{"id":302774,"date":"2015-08-15T11:55:35","date_gmt":"2015-08-15T16:55:35","guid":{"rendered":"http:\/\/futboltotal.com.mx\/?p=302774"},"modified":"2015-08-15T11:56:18","modified_gmt":"2015-08-15T16:56:18","slug":"dario-benedetto-goleador-del-real-madrid","status":"publish","type":"post","link":"http:\/\/desarrollo.grupomedios.com\/futbol\/futbol-mexicano\/liga-mx\/dario-benedetto-goleador-del-real-madrid\/2015\/08","title":{"rendered":"Dario Benedetto, \u00bfgoleador del Real Madrid?"},"content":{"rendered":"<p><strong>Dar\u00edo Benedetto<\/strong> volvi\u00f3 a su mejor forma. Pocas oportunidades pero fino de cara al arco. Esa fue la f\u00f3rmula para la victoria del Am\u00e9rica el viernes, ante Santos en el estadio TSM. <\/p>\n<p>El doblete de Benedetto permiti\u00f3 al Am\u00e9rica sellar su tercer triunfo al hilo en la Liga y dejar de lado todas las cr\u00edticas para la plantilla que comanda Ignacio Ambriz sobre su complicado arranque del Apertura 2015, los que no pudieron salir ilesos de las burlas fueron los integrantes en la producci\u00f3n de TV Azteca para el cotejo de viernes por la noche, pues cometieron un grave error durante la transmisi\u00f3n, al indicar que el goleador argentino llevaba cuatro goles en el torneo pero no para el Am\u00e9rica, <strong>sino para el Real Madrid<\/strong>. <\/p>\n<p><a href=\"http:\/\/futboltotal.com.mx\/wp-content\/uploads\/2015\/08\/Pipa-Real-Madrid-.jpg\"><img decoding=\"async\" loading=\"lazy\" src=\"http:\/\/futboltotal.com.mx\/wp-content\/uploads\/2015\/08\/Pipa-Real-Madrid-.jpg\" alt=\"Pipa Real Madrid\" class=\"alignnone size-full wp-image-302779\" srcset=\"http:\/\/desarrollo.grupomedios.com\/futbol\/wp-content\/uploads\/2015\/08\/Pipa-Real-Madrid-.jpg 699w, http:\/\/desarrollo.grupomedios.com\/futbol\/wp-content\/uploads\/2015\/08\/Pipa-Real-Madrid--300x172.jpg 300w\" sizes=\"(max-width: 699px) 100vw, 699px\" \/><\/a><\/p>\n<p>Dar\u00edo Benedetto arranc\u00f3 el torneo con problemas en la definici\u00f3n, fallando goles claros que se mostraban inexplicables ante las destrezas en su definici\u00f3n. El martes al marcar su tercer tanto del torneo, el 9 del Am\u00e9rica lo celebr\u00f3 a todo pulm\u00f3n e increp\u00f3 a los aficionados a seguir con las cr\u00edticas, aunque ya para el viernes se mostr\u00f3 m\u00e1s cauto y con su par de goles escal\u00f3 hasta la cima de la tabla de goleo junto a Ariel Nahuelp\u00e1n, con 5 dianas. <\/p>\n","protected":false},"excerpt":{"rendered":"<p>Las fallas en la transmisi\u00f3n de TV Azteca el viernes le costaron burlas en redes <\/p>\n","protected":false},"author":20,"featured_media":302780,"comment_status":"open","ping_status":"open","sticky":false,"template":"","format":"standard","meta":[],"categories":[5419,3845],"tags":[3876],"_links":{"self":[{"href":"http:\/\/desarrollo.grupomedios.com\/futbol\/wp-json\/wp\/v2\/posts\/302774"}],"collection":[{"href":"http:\/\/desarrollo.grupomedios.com\/futbol\/wp-json\/wp\/v2\/posts"}],"about":[{"href":"http:\/\/desarrollo.grupomedios.com\/futbol\/wp-json\/wp\/v2\/types\/post"}],"author":[{"embeddable":true,"href":"http:\/\/desarrollo.grupomedios.com\/futbol\/wp-json\/wp\/v2\/users\/20"}],"replies":[{"embeddable":true,"href":"http:\/\/desarrollo.grupomedios.com\/futbol\/wp-json\/wp\/v2\/comments?post=302774"}],"version-history":[{"count":0,"href":"http:\/\/desarrollo.grupomedios.com\/futbol\/wp-json\/wp\/v2\/posts\/302774\/revisions"}],"wp:featuredmedia":[{"embeddable":true,"href":"http:\/\/desarrollo.grupomedios.com\/futbol\/wp-json\/wp\/v2\/media\/302780"}],"wp:attachment":[{"href":"http:\/\/desarrollo.grupomedios.com\/futbol\/wp-json\/wp\/v2\/media?parent=302774"}],"wp:term":[{"taxonomy":"category","embeddable":true,"href":"http:\/\/desarrollo.grupomedios.com\/futbol\/wp-json\/wp\/v2\/categories?post=302774"},{"taxonomy":"post_tag","embeddable":true,"href":"http:\/\/desarrollo.grupomedios.com\/futbol\/wp-json\/wp\/v2\/tags?post=302774"}],"curies":[{"name":"wp","href":"https:\/\/api.w.org\/{rel}","templated":true}]}}