{"id":302825,"date":"2015-08-15T14:21:20","date_gmt":"2015-08-15T19:21:20","guid":{"rendered":"http:\/\/futboltotal.com.mx\/?p=302825"},"modified":"2015-08-15T14:35:21","modified_gmt":"2015-08-15T19:35:21","slug":"borussia-dortmund-demuestra-su-mas-vertiginosa-version","status":"publish","type":"post","link":"http:\/\/desarrollo.grupomedios.com\/futbol\/futbol-internacional\/liga-de-espana\/borussia-dortmund-demuestra-su-mas-vertiginosa-version\/2015\/08","title":{"rendered":"El Dortmund demuestra su m\u00e1s vertiginosa versi\u00f3n"},"content":{"rendered":"<p><strong>Pierre-Emerick Aubameyang<\/strong> y <strong>Marco Reus<\/strong> son el v\u00e9rtigo y los futbolistas distintos en los que se tiene que cimentar la nueva etapa del Borussia Dortmund. Ambos arrancaron inspirados y por ello, el Borussia Dortmund arranc\u00f3 la Bundesliga como un equipo de miedo y con pegada, en lo que se ttrasnform\u00f3 en locura en el fant\u00e1stico debut ante un Signal Iduna Park repleto, como no deja de ser costumbre. <\/p>\n<p>El <strong>Borussia Dortmund<\/strong> dio a su nuevo entrenador, Thomas Tuchel, el comienzo perfecto para su reinado, dominando a diestra y siniestra a un Borussia M\u00f6nchengladbach por 4-0. El BVB comenz\u00f3 con furia y rompi\u00f3 desde los primeros minutos a una defensa del Gladbach sin experiencia, amenazando la meta de la visita desde el principio. La presi\u00f3n tuvo su efecto despu\u00e9s de s\u00f3lo un cuarto de hora, cuando Marco Reus tir\u00f3 un riflazo que se incrust\u00f3 en el primer poste y la fiesta estaba inaugurada. <\/p>\n<p>Su socio y mejor goleador del equipo en la anterior temporada no dud\u00f3 en aparecer y tampo tard\u00f3 para exhibir su velocidad y eficacia de cara al arco. Al 21&#8242; Pierre-Emerick Aubameyang aument\u00f3 la distancia y al 33&#8242; en un conntragolpe, cedi\u00f3 en bandeja de plata a Henrik Mkhitaryan para el tercero. <\/p>\n<p>El partido sigui\u00f3 en la misma tendencia para el descanso, con los anfitriones deseosos de poner el resultado fuera de toda duda. Su cuarto gol no tard\u00f3 en llegar. Reus desbord\u00f3 por la derecha y centr\u00f3 de manera diagonal a la aparici\u00f3n del armenio, que marc\u00f3 su segundo tanto al minuto 50&#8242; para cerrar el carnaval de goles de un Borussia Dortmund que promete emociones en su nueva versi\u00f3n. <\/p>\n<p><iframe loading=\"lazy\" src=\"http:\/\/www.canalplus.es\/play\/embed-cp.html?xref=20150815plucanftb_3.Ves\" width=\"100%\" height=\"100%\" frameborder=\"0\" allowfullscreen=\"1\"><\/iframe><\/p>\n<p><a href=\"http:\/\/futboltotal.com.mx\/wp-content\/uploads\/2015\/08\/Resultados-Bundesliga.png\"><img decoding=\"async\" loading=\"lazy\" src=\"http:\/\/futboltotal.com.mx\/wp-content\/uploads\/2015\/08\/Resultados-Bundesliga.png\" alt=\"Resultados Bundesliga\" class=\"alignnone size-full wp-image-302835\" srcset=\"http:\/\/desarrollo.grupomedios.com\/futbol\/wp-content\/uploads\/2015\/08\/Resultados-Bundesliga.png 780w, http:\/\/desarrollo.grupomedios.com\/futbol\/wp-content\/uploads\/2015\/08\/Resultados-Bundesliga-300x115.png 300w\" sizes=\"(max-width: 780px) 100vw, 780px\" \/><\/a><\/p>\n","protected":false},"excerpt":{"rendered":"<p>El debut en la Bundesliga de los pupilos de Thomas Tuchel confirm\u00f3 que pueden aspirar por el titulo <\/p>\n","protected":false},"author":20,"featured_media":302826,"comment_status":"open","ping_status":"open","sticky":false,"template":"","format":"standard","meta":[],"categories":[3844],"tags":[6047,119,6095,5078],"_links":{"self":[{"href":"http:\/\/desarrollo.grupomedios.com\/futbol\/wp-json\/wp\/v2\/posts\/302825"}],"collection":[{"href":"http:\/\/desarrollo.grupomedios.com\/futbol\/wp-json\/wp\/v2\/posts"}],"about":[{"href":"http:\/\/desarrollo.grupomedios.com\/futbol\/wp-json\/wp\/v2\/types\/post"}],"author":[{"embeddable":true,"href":"http:\/\/desarrollo.grupomedios.com\/futbol\/wp-json\/wp\/v2\/users\/20"}],"replies":[{"embeddable":true,"href":"http:\/\/desarrollo.grupomedios.com\/futbol\/wp-json\/wp\/v2\/comments?post=302825"}],"version-history":[{"count":0,"href":"http:\/\/desarrollo.grupomedios.com\/futbol\/wp-json\/wp\/v2\/posts\/302825\/revisions"}],"wp:featuredmedia":[{"embeddable":true,"href":"http:\/\/desarrollo.grupomedios.com\/futbol\/wp-json\/wp\/v2\/media\/302826"}],"wp:attachment":[{"href":"http:\/\/desarrollo.grupomedios.com\/futbol\/wp-json\/wp\/v2\/media?parent=302825"}],"wp:term":[{"taxonomy":"category","embeddable":true,"href":"http:\/\/desarrollo.grupomedios.com\/futbol\/wp-json\/wp\/v2\/categories?post=302825"},{"taxonomy":"post_tag","embeddable":true,"href":"http:\/\/desarrollo.grupomedios.com\/futbol\/wp-json\/wp\/v2\/tags?post=302825"}],"curies":[{"name":"wp","href":"https:\/\/api.w.org\/{rel}","templated":true}]}}