{"id":302848,"date":"2015-08-15T15:18:59","date_gmt":"2015-08-15T20:18:59","guid":{"rendered":"http:\/\/futboltotal.com.mx\/?p=302848"},"modified":"2015-11-22T16:49:13","modified_gmt":"2015-11-22T21:49:13","slug":"pedro-caixinha-presento-renuncia-con-santos","status":"publish","type":"post","link":"http:\/\/desarrollo.grupomedios.com\/futbol\/destacado-home\/pedro-caixinha-presento-renuncia-con-santos\/2015\/08","title":{"rendered":"Pedro Caixinha present\u00f3 renuncia con Santos"},"content":{"rendered":"<p>El estratega portugu\u00e9s <strong>Pedro Caixinha<\/strong> present\u00f3 su renuncia el viernes por la noche, luego de la derrota de Santos frente a Am\u00e9rica (0-2), pues seg\u00fan reportes, el timonel no se siente a gusto con la situaci\u00f3n en el plantel y mucho menos con el rendimiento del presente torneo, por lo que present\u00f3 su dimisi\u00f3n a Alejandro Irraragorri.<\/p>\n<p>El s\u00e1bado existi\u00f3 otra reuni\u00f3n, seg\u00fan reporta <em>Fox Sports<\/em>, pero la situaci\u00f3n es irreconciliable y Pedro Caixinha indic\u00f3 que la decisi\u00f3n estaba tomada, raz\u00f3n por la que el club Santos convoc\u00f3 a una conferencia de prensa de manera urgente para este s\u00e1bado por la tarde.<\/p>\n<p>Pedro Caixinha gui\u00f3 al t\u00edtulo a Santos en la pasada campa\u00f1a, sin embargo, fue muy criticado durante el proceso y en varias ocasiones amag\u00f3 con una dimisi\u00f3n. En el partido de viernes por la noche, el portugu\u00e9s result\u00f3 expulsado tras reclamar una sanci\u00f3n en el campo del \u00e1rbitro.<\/p>\n<p>Con la situaci\u00f3n presentada, Santos organiz\u00f3 una rueda de prensa de manera express, en la cual se hizo oficial la renuncia de Pedro Caixinha. &#8220;Despu\u00e9s de hacer un an\u00e1lisis de casi tres a\u00f1os en la instituci\u00f3n, he decidido separarme de mi cargo como director t\u00e9cnico de Santos Laguna&#8221;, indic\u00f3 Caixinha, quien sentenci\u00f3 que los motivos pasan a un segundo t\u00e9rmino.<\/p>\n<p>&#8220;Me quedo marcado para toda la vida con la experiencia vivida. Me voy sumamente agradecido con la instituci\u00f3n y con todas las personas que forman parte de lla. Agradezco infinitamente el apoyo recibido por los jugadores, los grandes obreros de todo esto, porque una vez tomada esta decisi\u00f3n, ellos me han pedido continuar al frente del equipo&#8221;, se\u00f1al\u00f3. &#8220;Santos es una instituci\u00f3n que est\u00e1 a la par de las mejores instituciones en el mundo y estoy seguro que seguir\u00e1 cosechando triunfos en lo deportivo y fuera de la canca. Les deseo el mayor de los \u00e9xitos&#8221;, finaliz\u00f3 Pedro Caixinha.<\/p>\n","protected":false},"excerpt":{"rendered":"<p>El timonel agradeci\u00f3 los buenos momentos vividos e indic\u00f3 que el equipo seguir\u00e1 con \u00e9xitos su andar <\/p>\n","protected":false},"author":20,"featured_media":302849,"comment_status":"open","ping_status":"open","sticky":false,"template":"","format":"standard","meta":[],"categories":[5,2198,3845],"tags":[1968,5972],"_links":{"self":[{"href":"http:\/\/desarrollo.grupomedios.com\/futbol\/wp-json\/wp\/v2\/posts\/302848"}],"collection":[{"href":"http:\/\/desarrollo.grupomedios.com\/futbol\/wp-json\/wp\/v2\/posts"}],"about":[{"href":"http:\/\/desarrollo.grupomedios.com\/futbol\/wp-json\/wp\/v2\/types\/post"}],"author":[{"embeddable":true,"href":"http:\/\/desarrollo.grupomedios.com\/futbol\/wp-json\/wp\/v2\/users\/20"}],"replies":[{"embeddable":true,"href":"http:\/\/desarrollo.grupomedios.com\/futbol\/wp-json\/wp\/v2\/comments?post=302848"}],"version-history":[{"count":0,"href":"http:\/\/desarrollo.grupomedios.com\/futbol\/wp-json\/wp\/v2\/posts\/302848\/revisions"}],"wp:featuredmedia":[{"embeddable":true,"href":"http:\/\/desarrollo.grupomedios.com\/futbol\/wp-json\/wp\/v2\/media\/302849"}],"wp:attachment":[{"href":"http:\/\/desarrollo.grupomedios.com\/futbol\/wp-json\/wp\/v2\/media?parent=302848"}],"wp:term":[{"taxonomy":"category","embeddable":true,"href":"http:\/\/desarrollo.grupomedios.com\/futbol\/wp-json\/wp\/v2\/categories?post=302848"},{"taxonomy":"post_tag","embeddable":true,"href":"http:\/\/desarrollo.grupomedios.com\/futbol\/wp-json\/wp\/v2\/tags?post=302848"}],"curies":[{"name":"wp","href":"https:\/\/api.w.org\/{rel}","templated":true}]}}