{"id":302891,"date":"2015-08-15T17:02:42","date_gmt":"2015-08-15T22:02:42","guid":{"rendered":"http:\/\/futboltotal.com.mx\/?p=302891"},"modified":"2015-08-16T17:43:48","modified_gmt":"2015-08-16T22:43:48","slug":"porto-comienza-poderoso-su-lucha-por-el-titulo","status":"publish","type":"post","link":"http:\/\/desarrollo.grupomedios.com\/futbol\/futbol-internacional\/liga-de-espana\/porto-comienza-poderoso-su-lucha-por-el-titulo\/2015\/08","title":{"rendered":"Porto comienza poderoso su lucha por el t\u00edtulo"},"content":{"rendered":"<p><strong>Porto inici\u00f3 con honores en su lucha por despojar de su t\u00edtulo al Benfica<\/strong>. Poco importaron las ausencias en la zona ofensiva de la que fuera su tropa preferida en ofensiva para Julen Lopetegui\u00a0en la anterior campa\u00f1a (Jackson Mart\u00ednez, Oliver Torres y Ricardo Quaresma que abandonaron el club y Brahimi por decisi\u00f3n t\u00e9cnica), pues emergi\u00f3 como el nuevo capit\u00e1n de la ofensiva el camerun\u00e9s <strong>Vincent Aboubakar<\/strong>, que domin\u00f3 a sus defensores a placer, cedi\u00f3 pelotas para sus acompa\u00f1antes y concret\u00f3 un doblete que abri\u00f3 el sendero del triunfo.<\/p>\n<p>Pronto el Porto demostr\u00f3 su poder\u00edo ante un Vitoria Guimaraes que se notaba asustado, apenas a los 5 minutos avis\u00f3 el local. Tello puso el v\u00e9rtigo por la derecha y centr\u00f3 para la presencia de Aboubakar que dej\u00f3 con el pecho para una falla incre\u00edble del reci\u00e9n llegado Imbula. Pero el camerun\u00e9s estaba de vena y con una gran conexi\u00f3n entre Varela y Alex\u00a0Sandro, los <em>Dragones<\/em> llegaron a l\u00ednea de fondo por el sector izquierdo y el camerun\u00e9s impact\u00f3 directo al arco, con la fortuna de que se desvi\u00f3 el bal\u00f3n para las redes y hacer que Douglas recibiera el primero de la noche.<\/p>\n<p><strong>El mexicano H\u00e9ctor Herrera cont\u00f3 con dos chances para estrenarse con gol en liga, pero no fue su noche.<\/strong> En la primera,\u00a0justo al cuarto de hora las probetas comenzaron a echar humo. Jugada ordenada por Lopetegui cuyo fin era que el mexicano impactara de derecha desde el punto penal, el resultado fue defectuoso debido al mal impacto del 16 del Porto. Antes de culminar el primer episodio Herrera pudo redimirse, pero fall\u00f3 nuevamente. Aboubakar que segu\u00eda con su juego de ensue\u00f1o sirvi\u00f3 a la aparici\u00f3n del mediocampista azteca, que pifi\u00f3 ante la boca del arco.<\/p>\n<p>Para la segunda mitad ingres\u00f3 Andr\u00e9 Andr\u00e9 en detrimento de Herrera al 54&#8242;. El Porto segu\u00eda como amo y se\u00f1or del encuentro y Tello ya hab\u00eda perdonado una clar\u00edsima con el marco vac\u00edo. Minutos despu\u00e9s, el comandante de los <em>Dragones<\/em> volvi\u00f3 a aparecer, esta vez, sin dejar dudas de su contundencia. En el 67&#8242; aprovech\u00f3 un pase filtrado tras una pifia defensiva y finiquit\u00f3 con bombazo imposible para Douglas.<\/p>\n<p>Al final lleg\u00f3 el premio par Silvestre Varela, otro que brill\u00f3 en el debut liguero. El portugu\u00e9s aprovech\u00f3 un pase de Pereira, se quit\u00f3 con amague a dos defensores y remat\u00f3 fuerte al primer poste del arquero. Eficaces a la ofensiva, con Aboubakar tomando la responsabilidad como goleador que abandon\u00f3 Jackson y con Iker Casillas m\u00e1s que seguro bajo los tres palos, los dirigidos por Julen Lopetegui triunfaron de manera convincente en Do Dragao.<\/p>\n<p><iframe loading=\"lazy\" src=\"https:\/\/www.youtube.com\/embed\/GbYk7ghMGkE\" frameborder=\"0\" allowfullscreen=\"allowfullscreen\"><\/iframe><\/p>\n","protected":false},"excerpt":{"rendered":"<p>Eficaces a la ofensiva y con Iker Casillas bajo los tres palos, triunfaron de manera convincente en Do Dragao <\/p>\n","protected":false},"author":20,"featured_media":302879,"comment_status":"open","ping_status":"open","sticky":false,"template":"","format":"standard","meta":[],"categories":[3844],"tags":[5995,6077],"_links":{"self":[{"href":"http:\/\/desarrollo.grupomedios.com\/futbol\/wp-json\/wp\/v2\/posts\/302891"}],"collection":[{"href":"http:\/\/desarrollo.grupomedios.com\/futbol\/wp-json\/wp\/v2\/posts"}],"about":[{"href":"http:\/\/desarrollo.grupomedios.com\/futbol\/wp-json\/wp\/v2\/types\/post"}],"author":[{"embeddable":true,"href":"http:\/\/desarrollo.grupomedios.com\/futbol\/wp-json\/wp\/v2\/users\/20"}],"replies":[{"embeddable":true,"href":"http:\/\/desarrollo.grupomedios.com\/futbol\/wp-json\/wp\/v2\/comments?post=302891"}],"version-history":[{"count":0,"href":"http:\/\/desarrollo.grupomedios.com\/futbol\/wp-json\/wp\/v2\/posts\/302891\/revisions"}],"wp:featuredmedia":[{"embeddable":true,"href":"http:\/\/desarrollo.grupomedios.com\/futbol\/wp-json\/wp\/v2\/media\/302879"}],"wp:attachment":[{"href":"http:\/\/desarrollo.grupomedios.com\/futbol\/wp-json\/wp\/v2\/media?parent=302891"}],"wp:term":[{"taxonomy":"category","embeddable":true,"href":"http:\/\/desarrollo.grupomedios.com\/futbol\/wp-json\/wp\/v2\/categories?post=302891"},{"taxonomy":"post_tag","embeddable":true,"href":"http:\/\/desarrollo.grupomedios.com\/futbol\/wp-json\/wp\/v2\/tags?post=302891"}],"curies":[{"name":"wp","href":"https:\/\/api.w.org\/{rel}","templated":true}]}}