{"id":302939,"date":"2015-08-15T18:41:16","date_gmt":"2015-08-15T23:41:16","guid":{"rendered":"http:\/\/futboltotal.com.mx\/?p=302939"},"modified":"2015-08-15T18:44:04","modified_gmt":"2015-08-15T23:44:04","slug":"pedro-caixinha-y-sus-polemicas","status":"publish","type":"post","link":"http:\/\/desarrollo.grupomedios.com\/futbol\/futbol-mexicano\/pedro-caixinha-y-sus-polemicas\/2015\/08","title":{"rendered":"Pedro Caixinha y sus pol\u00e9micas"},"content":{"rendered":"<p>Para sorpresa de m\u00e1s de uno, <a href=\"http:\/\/futboltotal.com.mx\/2015\/08\/pedro-caixinha-presento-renuncia-con-santos\/\" target=\"_blank\"><strong>Pedro Caixinha<\/strong> present\u00f3 su renuncia<\/a> del cargo de t\u00e9cnico de <strong>Santos Laguna<\/strong>, si bien el portugu\u00e9s le dio tres trofeos a los <em>Guerreros<\/em>, tambi\u00e9n fue generador de pol\u00e9mica.<\/p>\n<p><em>Cansados del arbitraje<\/em> | \u201cEs verdad que al final de un torneo los errores arbitrales siempre van a estar ah\u00ed parejos. No s\u00e9 si est\u00e1 palabra se puede decir o no pero no me importa. No somos los pendejos de este torneo, merecemos respeto. Estamos para lo que sea y contra qui\u00e9n sea en los \u00faltimos tres partidos\u201d, advirti\u00f3 tras el partido contra Pumas en el Clausura 2015.<\/p>\n<p><em>\u00bfHumildad?<\/em> | &#8220;Desde el inicio nadie cre\u00eda en nosotros y eso nos fortaleci\u00f3 mucho. Hoy mismo, estando en liguilla, somos el patito feo de todo esto y eso nos da gusto porque seguimos trabajando as\u00ed&#8221;, expres\u00f3 previo a los Cuartos de Final del pasado torneo contra Tigres.<\/p>\n<p><em>Un empate lo vale<\/em> | Precisamente al t\u00e9rmino del juego contra los <em>Felinos<\/em>, <strong>Pedro Caixinha <\/strong>critic\u00f3 los abucheos de la afici\u00f3n por el 1-1: &#8220;Respeto mucho a la afici\u00f3n, pero si hoy salieron tristes, entonces no saben mucho de futbol\u201d.<\/p>\n<p><em>Ayudas en Coapa<\/em> | En el Apertura 2014, Santos se enfrentaba al Am\u00e9rica, previo al juego el portugu\u00e9s se\u00f1al\u00f3 los \u201cbeneficios\u201d que obtuvieron las <em>\u00c1guilas<\/em> por parte de los colegidos: \u201cEn nueve partidos, Am\u00e9rica, y que quede claro que estoy dando la cara para eso, ha sido beneficiado en siete partidos y puedo leer una tras una. Hay otra curiosidad tambi\u00e9n, en los nueve partidos han repetido a cuatro \u00e1rbitros. Solo han tenido seis \u00e1rbitros en diez fechas, es algo muy extra\u00f1o\u201d.<\/p>\n<p><em>Verdugo<\/em> | Paul Delgadillo no se escap\u00f3 de la molestia de <strong>Pedro Caixinha<\/strong>, pues el estratega se disgust\u00f3 por un error que termin\u00f3 por afectarlos y benefici\u00f3 al Am\u00e9rica: &#8220;Curiosamente el \u00e1rbitro de ma\u00f1ana es el que ha estado sancionado y el anterior igual y pueden checar cuantos partidos hemos ganado con el \u00e1rbitro de ma\u00f1ana&#8221;.<\/p>\n","protected":false},"excerpt":{"rendered":"<p>El portugu\u00e9s estuvo en el ojo del hurac\u00e1n en m\u00e1s de una ocasi\u00f3n<\/p>\n","protected":false},"author":20,"featured_media":302941,"comment_status":"open","ping_status":"open","sticky":false,"template":"","format":"standard","meta":[],"categories":[2198,3845],"tags":[1968,174],"_links":{"self":[{"href":"http:\/\/desarrollo.grupomedios.com\/futbol\/wp-json\/wp\/v2\/posts\/302939"}],"collection":[{"href":"http:\/\/desarrollo.grupomedios.com\/futbol\/wp-json\/wp\/v2\/posts"}],"about":[{"href":"http:\/\/desarrollo.grupomedios.com\/futbol\/wp-json\/wp\/v2\/types\/post"}],"author":[{"embeddable":true,"href":"http:\/\/desarrollo.grupomedios.com\/futbol\/wp-json\/wp\/v2\/users\/20"}],"replies":[{"embeddable":true,"href":"http:\/\/desarrollo.grupomedios.com\/futbol\/wp-json\/wp\/v2\/comments?post=302939"}],"version-history":[{"count":0,"href":"http:\/\/desarrollo.grupomedios.com\/futbol\/wp-json\/wp\/v2\/posts\/302939\/revisions"}],"wp:featuredmedia":[{"embeddable":true,"href":"http:\/\/desarrollo.grupomedios.com\/futbol\/wp-json\/wp\/v2\/media\/302941"}],"wp:attachment":[{"href":"http:\/\/desarrollo.grupomedios.com\/futbol\/wp-json\/wp\/v2\/media?parent=302939"}],"wp:term":[{"taxonomy":"category","embeddable":true,"href":"http:\/\/desarrollo.grupomedios.com\/futbol\/wp-json\/wp\/v2\/categories?post=302939"},{"taxonomy":"post_tag","embeddable":true,"href":"http:\/\/desarrollo.grupomedios.com\/futbol\/wp-json\/wp\/v2\/tags?post=302939"}],"curies":[{"name":"wp","href":"https:\/\/api.w.org\/{rel}","templated":true}]}}