{"id":303155,"date":"2015-08-16T12:11:35","date_gmt":"2015-08-16T17:11:35","guid":{"rendered":"http:\/\/futboltotal.com.mx\/?p=303155"},"modified":"2015-08-16T12:15:24","modified_gmt":"2015-08-16T17:15:24","slug":"mascherano-barre-fuerte-a-messi-en-la-practica","status":"publish","type":"post","link":"http:\/\/desarrollo.grupomedios.com\/futbol\/videos\/mascherano-barre-fuerte-a-messi-en-la-practica\/2015\/08","title":{"rendered":"Mascherano barre fuerte a Messi en la pr\u00e1ctica"},"content":{"rendered":"<p>En la pr\u00e1ctica del domingo del Barcelona, <strong>Javier Mascherano fue el protagonista<\/strong>, primero en la sesi\u00f3n y posteriormente en rueda de prensa. El Jefecito se ve que no tiene otra cosa en mente que no sea la remontada, sol as\u00ed se puede explicar su furia y garra expuesta en el entrenamiento, el cual, durante un rondo provoc\u00f3 la molestia de Lionel Messi.<\/p>\n<p>Mascherano estaba como el <em>torito\u00a0<\/em>mientras los futbolistas del Barcelona le daban vueltas a la esf\u00e9rica, despu\u00e9s de un rato largo dentro del rondo, Javier decidi\u00f3 poner m\u00e1s enjundia para recuperar la esf\u00e9rica y decidi\u00f3 <strong>barrerse a los pies de Messi para tocar el bal\u00f3n<\/strong>. Al 10 blaugrana no le gusaron las formas de Masche y le reclam\u00f3 de manera discreta ante lo cual el 14 azulgrana atendi\u00f3 cono una ligera sonrisa.<\/p>\n<p>A Mascherano le encanta hacerse sentir y demostrar su car\u00e1cter sin importar el lugar. Tras la pr\u00e1ctica, atendi\u00f3 a la prensa y dej\u00f3 en claro que Barcelona cuenta con potestades para darle la vuelta al marcador (0-4 ante Athletic de Bilbao) en la Supercopa de Espa\u00f1a, sobre todo, porque cuentan con un tal Lionel Messi.<\/p>\n<p>&#8220;Tener a Leo en el equipo me genera mucha ilusi\u00f3n y mucha confianza, es una se\u00f1al de que algo bueno puede pasar. Lo veo muy convencido de que esto se puede remontar; es nuestro l\u00edder futbol\u00edstico&#8221;,revel\u00f3 Mascherano sin recordar el incidente de la pr\u00e1ctica. <\/p>\n<p><iframe loading=\"lazy\" src=\"https:\/\/www.youtube.com\/embed\/5dINQb40nyI\" frameborder=\"0\" allowfullscreen><\/iframe><\/p>\n","protected":false},"excerpt":{"rendered":"<p>El 10 blaugrana se molest\u00f3; Javier solo sonri\u00f3 y sali\u00f3 del rondo <\/p>\n","protected":false},"author":20,"featured_media":303165,"comment_status":"open","ping_status":"open","sticky":false,"template":"","format":"standard","meta":[],"categories":[3844,4],"tags":[5984,2337],"_links":{"self":[{"href":"http:\/\/desarrollo.grupomedios.com\/futbol\/wp-json\/wp\/v2\/posts\/303155"}],"collection":[{"href":"http:\/\/desarrollo.grupomedios.com\/futbol\/wp-json\/wp\/v2\/posts"}],"about":[{"href":"http:\/\/desarrollo.grupomedios.com\/futbol\/wp-json\/wp\/v2\/types\/post"}],"author":[{"embeddable":true,"href":"http:\/\/desarrollo.grupomedios.com\/futbol\/wp-json\/wp\/v2\/users\/20"}],"replies":[{"embeddable":true,"href":"http:\/\/desarrollo.grupomedios.com\/futbol\/wp-json\/wp\/v2\/comments?post=303155"}],"version-history":[{"count":0,"href":"http:\/\/desarrollo.grupomedios.com\/futbol\/wp-json\/wp\/v2\/posts\/303155\/revisions"}],"wp:featuredmedia":[{"embeddable":true,"href":"http:\/\/desarrollo.grupomedios.com\/futbol\/wp-json\/wp\/v2\/media\/303165"}],"wp:attachment":[{"href":"http:\/\/desarrollo.grupomedios.com\/futbol\/wp-json\/wp\/v2\/media?parent=303155"}],"wp:term":[{"taxonomy":"category","embeddable":true,"href":"http:\/\/desarrollo.grupomedios.com\/futbol\/wp-json\/wp\/v2\/categories?post=303155"},{"taxonomy":"post_tag","embeddable":true,"href":"http:\/\/desarrollo.grupomedios.com\/futbol\/wp-json\/wp\/v2\/tags?post=303155"}],"curies":[{"name":"wp","href":"https:\/\/api.w.org\/{rel}","templated":true}]}}