{"id":303379,"date":"2015-08-16T17:36:13","date_gmt":"2015-08-16T22:36:13","guid":{"rendered":"http:\/\/futboltotal.com.mx\/?p=303379"},"modified":"2015-08-16T19:04:57","modified_gmt":"2015-08-17T00:04:57","slug":"muchas-veces-me-he-puesto-en-el-lugar-de-ochoa-kameni","status":"publish","type":"post","link":"http:\/\/desarrollo.grupomedios.com\/futbol\/destacado-home\/muchas-veces-me-he-puesto-en-el-lugar-de-ochoa-kameni\/2015\/08","title":{"rendered":"Ochoa no supo controlar ser suplente: Kameni"},"content":{"rendered":"<p>Durante la pasada temporada <b>Carlos Kameni<\/b> se adue\u00f1\u00f3 de la titularidad y releg\u00f3 a <b>Guillermo Ochoa<\/b> a la banca. El portero camerun\u00e9s disput\u00f3 todos los minutos de la Liga de Espa\u00f1a con el <b>M\u00e1laga<\/b>, por lo que el cancerbero mexicano tuvo que conformarse con participar en la Copa del Rey.<\/p>\n<p>Para la nueva campa\u00f1a, que arrancar\u00e1 el pr\u00f3ximo fin de semana, la disputa por el puesto titular en la porter\u00eda del <b>M\u00e1laga<\/b> se mantendr\u00e1.<\/p>\n<p>En ese contexto, <b>Carlos Kameni <\/b>habl\u00f3 sobre la rivalidad con <b>Guillermo Ochoa<\/b>, destacando que el portero mexicano no ha sabido controlar su suplencia en el cuadro espa\u00f1ol. Adem\u00e1s,\u00a0aunque reconoci\u00f3 que entiende la decepci\u00f3n que puede sentir el canterano del Am\u00e9rica\u00a0por la ausencia de actividad, el camerun\u00e9s sentenci\u00f3 que luchar\u00e1 por no perder la titularidad.<\/p>\n<p>\u201cMuchas veces me he puesto en el lugar de <i>Guille<\/i>. Viniendo del Mundial que hab\u00eda hecho y venir al <b>M\u00e1laga<\/b> con lo que le hab\u00edan prometido\u2026 No s\u00e9. Llegar y estar en el banquillo es un <i>shock<\/i>. No lo aguanta cualquiera. Si yo lo aguant\u00e9 en alg\u00fan momento no significa que todo el mundo lo tenga que aguantar. Y \u00e9l no supo controlar eso\u201d, apunt\u00f3 <b>Carlos Kameni<\/b>, quien record\u00f3 la nula relaci\u00f3n con <b>Memo Ochoa<\/b>.<\/p>\n<p>\u201cEs normal que uno est\u00e9 mosqueado (sic) cuando no juega. El futbolista que est\u00e9 contento de estar en el banquillo tiene que dejar el futbol. Todos queremos jugar. Eso es normal. Cuando jugaba Willy yo estaba mosqueado porque quer\u00eda jugar, pero s\u00f3lo puede salir uno. \u00bfQu\u00e9 vas a hacer?\u201d, dijo en entrevista para el diario <i>As<\/i>.<\/p>\n<p><i>\u00bfSe ve mucho tiempo en el M\u00e1laga?<\/i>, se le cuestion\u00f3 a <b>Carlos Kameni<\/b>.<\/p>\n<p>\u201c\u00bfPor qu\u00e9 no? Tengo 31 a\u00f1os y mi familia est\u00e1 muy a gusto aqu\u00ed. Me siento muy querido por la afici\u00f3n. Es una bonita ciudad. Me dijeron que aqu\u00ed he ca\u00eddo de pie. No solo cuando he empezado a jugar. He notado el cari\u00f1o de la gente desde el principio, seguramente por mi trayectoria y mi forma de ser\u201d, respondi\u00f3.<\/p>\n","protected":false},"excerpt":{"rendered":"<p>Se mantendr\u00e1 la disputa por el puesto titular en la porter\u00eda del M\u00e1laga<\/p>\n","protected":false},"author":20,"featured_media":303380,"comment_status":"open","ping_status":"open","sticky":false,"template":"","format":"standard","meta":[],"categories":[5,3839,3844],"tags":[5991,306,679],"_links":{"self":[{"href":"http:\/\/desarrollo.grupomedios.com\/futbol\/wp-json\/wp\/v2\/posts\/303379"}],"collection":[{"href":"http:\/\/desarrollo.grupomedios.com\/futbol\/wp-json\/wp\/v2\/posts"}],"about":[{"href":"http:\/\/desarrollo.grupomedios.com\/futbol\/wp-json\/wp\/v2\/types\/post"}],"author":[{"embeddable":true,"href":"http:\/\/desarrollo.grupomedios.com\/futbol\/wp-json\/wp\/v2\/users\/20"}],"replies":[{"embeddable":true,"href":"http:\/\/desarrollo.grupomedios.com\/futbol\/wp-json\/wp\/v2\/comments?post=303379"}],"version-history":[{"count":0,"href":"http:\/\/desarrollo.grupomedios.com\/futbol\/wp-json\/wp\/v2\/posts\/303379\/revisions"}],"wp:featuredmedia":[{"embeddable":true,"href":"http:\/\/desarrollo.grupomedios.com\/futbol\/wp-json\/wp\/v2\/media\/303380"}],"wp:attachment":[{"href":"http:\/\/desarrollo.grupomedios.com\/futbol\/wp-json\/wp\/v2\/media?parent=303379"}],"wp:term":[{"taxonomy":"category","embeddable":true,"href":"http:\/\/desarrollo.grupomedios.com\/futbol\/wp-json\/wp\/v2\/categories?post=303379"},{"taxonomy":"post_tag","embeddable":true,"href":"http:\/\/desarrollo.grupomedios.com\/futbol\/wp-json\/wp\/v2\/tags?post=303379"}],"curies":[{"name":"wp","href":"https:\/\/api.w.org\/{rel}","templated":true}]}}