{"id":303394,"date":"2015-08-16T18:02:58","date_gmt":"2015-08-16T23:02:58","guid":{"rendered":"http:\/\/futboltotal.com.mx\/?p=303394"},"modified":"2015-08-17T12:40:09","modified_gmt":"2015-08-17T17:40:09","slug":"filtran-posible-tercer-uniforme-de-pumas","status":"publish","type":"post","link":"http:\/\/desarrollo.grupomedios.com\/futbol\/futbol-mexicano\/filtran-posible-tercer-uniforme-de-pumas\/2015\/08","title":{"rendered":"Filtran posible tercer uniforme de Pumas"},"content":{"rendered":"<p>En redes sociales, circulan im\u00e1genes del posible tercer uniforme de los <b>Pumas<\/b> de la UNAM para\u00a0la presente temporada. Y seg\u00fan se observa en las fotograf\u00edas, difundidas el portal especializado en camisetas <i>Footy Headlines<\/i>, el cuadro universitario optar\u00edan por un dise\u00f1o in\u00e9dito.<\/p>\n<p>El supuesto tercer uniforme de <b>Pumas<\/b>, confeccionado por la marca estadounidense Nike,\u00a0ser\u00eda de color blanco con el puma peque\u00f1o negro cubriendo el torso del lado izquierdo -a manera de escudo- y toques negros en las mangas.<\/p>\n<p><a href=\"http:\/\/futboltotal.com.mx\/wp-content\/uploads\/2015\/08\/pumas_tercer_uniforme.jpg\"><img decoding=\"async\" loading=\"lazy\" class=\"aligncenter size-full wp-image-303397\" src=\"http:\/\/futboltotal.com.mx\/wp-content\/uploads\/2015\/08\/pumas_tercer_uniforme.jpg\" alt=\"pumas_tercer_uniforme\" srcset=\"http:\/\/desarrollo.grupomedios.com\/futbol\/wp-content\/uploads\/2015\/08\/pumas_tercer_uniforme.jpg 609w, http:\/\/desarrollo.grupomedios.com\/futbol\/wp-content\/uploads\/2015\/08\/pumas_tercer_uniforme-300x148.jpg 300w\" sizes=\"(max-width: 609px) 100vw, 609px\" \/><\/a><\/p>\n<p>Adem\u00e1s, se especula que las calcetas del uniforme ser\u00e1n negras y el short blanco con detalles negros en la parte inferior.<\/p>\n<p>Y m\u00e1s all\u00e1 del singular dise\u00f1o, se desat\u00f3 una brava\u00a0reacci\u00f3n por parte de la afici\u00f3n de los\u00a0<strong>Pumas<\/strong>, pues el supuesto tercer uniforme tendr\u00eda\u00a0una marcada similitud con la tercera equitaci\u00f3n de las <i>\u00c1guilas<\/i> del <strong>Am\u00e9rica<\/strong>, pues ambas camisetas son de color blanco con toques de color negro, lo cual incrementar\u00eda la pol\u00e9mica sobre el tercer uniforme de Pumas.<\/p>\n<p><a href=\"http:\/\/futboltotal.com.mx\/wp-content\/uploads\/2015\/08\/playeras_uniforme_pumas_america_nike.jpg\"><img decoding=\"async\" loading=\"lazy\" class=\"aligncenter size-full wp-image-303398\" src=\"http:\/\/futboltotal.com.mx\/wp-content\/uploads\/2015\/08\/playeras_uniforme_pumas_america_nike.jpg\" alt=\"playeras_uniforme_pumas_america_nike\" srcset=\"http:\/\/desarrollo.grupomedios.com\/futbol\/wp-content\/uploads\/2015\/08\/playeras_uniforme_pumas_america_nike.jpg 609w, http:\/\/desarrollo.grupomedios.com\/futbol\/wp-content\/uploads\/2015\/08\/playeras_uniforme_pumas_america_nike-300x135.jpg 300w\" sizes=\"(max-width: 609px) 100vw, 609px\" \/><\/a><\/p>\n<p>[video_player]https:\/\/player.vimeo.com\/external\/136523600.hd.mp4?s=f518a8f9906429e43a1d8be4acfb5ebc&#038;profile_id=113[\/video_player]<\/p>\n","protected":false},"excerpt":{"rendered":"<p>La presunta indumentaria ser\u00eda similar a la del Am\u00e9rica<\/p>\n","protected":false},"author":20,"featured_media":303401,"comment_status":"open","ping_status":"open","sticky":false,"template":"","format":"standard","meta":[],"categories":[2198,3845],"tags":[1624,74,2127],"_links":{"self":[{"href":"http:\/\/desarrollo.grupomedios.com\/futbol\/wp-json\/wp\/v2\/posts\/303394"}],"collection":[{"href":"http:\/\/desarrollo.grupomedios.com\/futbol\/wp-json\/wp\/v2\/posts"}],"about":[{"href":"http:\/\/desarrollo.grupomedios.com\/futbol\/wp-json\/wp\/v2\/types\/post"}],"author":[{"embeddable":true,"href":"http:\/\/desarrollo.grupomedios.com\/futbol\/wp-json\/wp\/v2\/users\/20"}],"replies":[{"embeddable":true,"href":"http:\/\/desarrollo.grupomedios.com\/futbol\/wp-json\/wp\/v2\/comments?post=303394"}],"version-history":[{"count":0,"href":"http:\/\/desarrollo.grupomedios.com\/futbol\/wp-json\/wp\/v2\/posts\/303394\/revisions"}],"wp:featuredmedia":[{"embeddable":true,"href":"http:\/\/desarrollo.grupomedios.com\/futbol\/wp-json\/wp\/v2\/media\/303401"}],"wp:attachment":[{"href":"http:\/\/desarrollo.grupomedios.com\/futbol\/wp-json\/wp\/v2\/media?parent=303394"}],"wp:term":[{"taxonomy":"category","embeddable":true,"href":"http:\/\/desarrollo.grupomedios.com\/futbol\/wp-json\/wp\/v2\/categories?post=303394"},{"taxonomy":"post_tag","embeddable":true,"href":"http:\/\/desarrollo.grupomedios.com\/futbol\/wp-json\/wp\/v2\/tags?post=303394"}],"curies":[{"name":"wp","href":"https:\/\/api.w.org\/{rel}","templated":true}]}}