{"id":303441,"date":"2015-08-17T08:44:27","date_gmt":"2015-08-17T13:44:27","guid":{"rendered":"http:\/\/futboltotal.com.mx\/?p=303441"},"modified":"2015-08-17T12:36:20","modified_gmt":"2015-08-17T17:36:20","slug":"real-madrid-blinda-a-sergio-ramos","status":"publish","type":"post","link":"http:\/\/desarrollo.grupomedios.com\/futbol\/futbol-internacional\/real-madrid-blinda-a-sergio-ramos\/2015\/08","title":{"rendered":"Real Madrid blinda a Sergio Ramos"},"content":{"rendered":"<p>El defensa central <strong>Sergio Ramos<\/strong> seguir\u00e1 como hu\u00e9sped de honor en la <em>Casa Blanca. <\/em>Tras protagonizar un verano bastante inc\u00f3modo en el que fue vinculado con una posible salida al Manchester United e incluso como la llave que abrir\u00eda el cerrojo para fichar al portero David de Gea, el internacional espa\u00f1ol firm\u00f3 una renovaci\u00f3n de contrato hasta 2020.<\/p>\n<p>Ramos no ganar\u00e1 los 11 millones de euros que pretend\u00eda -el United estaba dispuesto a pag\u00e1rselos-, pero eso no impidi\u00f3 que al final aceptara la propuesta del club. Tras firmar el documento, sali\u00f3 al palco de honor del Bernab\u00e9u para explicar que &#8220;aunque no estaba c\u00f3modo con algunos sentidos&#8221;, nunca quiso irse del Real Madrid.<\/p>\n<p>&#8220;Si fuera un tema de estos no me habr\u00eda quedado. En otro sitio pod\u00eda haber ganado m\u00e1s dinero, pero hab\u00eda otras circunstancias que hab\u00eda que arreglar. Jam\u00e1s he dicho que me quer\u00eda marchar del Madrid. Pero hab\u00eda cosas que hab\u00eda hablar, tambi\u00e9n an\u00edmicas. Mi felicidad est\u00e1 aqu\u00ed, para qu\u00e9 perder el otro tiempo en otro sitio&#8221;.<\/p>\n<p>Ramos estar\u00e1 con algunos connacionales como Illarramendi, Isco, \u00c1rbeloa, Carvajal, pero no m\u00e1s con Iker Casillas. Su marcha al Porto lo dej\u00f3 tocado. Pero a cambio opt\u00f3 por heredar el brazalete de capit\u00e1n y dar paso para lo que siempre quiso: &#8220;Mi ilusi\u00f3n es retirarme aqu\u00ed. Y estar\u00eda agradecido totalmente al presidente y a esta entidad si as\u00ed es. Mi reto es capitanear este club de la forma m\u00e1s honesta. Lo quiero hacer ganando t\u00edtulos&#8221;.<\/p>\n<p>Ramos, al que nadie olvidar\u00e1 por aquel cabezazo de oro que condujo al Real Madrid ha ganar la d\u00e9cima Champions League, dej\u00f3 claro que sabr\u00e1 vivir si en alg\u00fan momento alguien duda su madridismo. Espera &#8220;el mismo cari\u00f1o de la gente y cumplir como capit\u00e1n&#8221;.<\/p>\n<p>&#8220;Mientras me quieran en el club me quedar\u00e9 por siempre. Gracias al presidente y a los madridistas. Agradezco a mi entrenador y a mis compa\u00f1eros su proximidad y su respeto. Y a la afici\u00f3n, que siempre ha estado conmigo y estar\u00e1 en el futuro. Muchas gracias a toda la afici\u00f3n. Las circunstancias de la renovaci\u00f3n han sido largas pero mi cabeza y mi coraz\u00f3n siempre han estado aqu\u00ed. Por eso y como he dicho siempre, \u00a1Hala Madrid!&#8221;, dijo Ramos.<\/p>\n<p>[video_player]https:\/\/player.vimeo.com\/external\/136324777.hd.mp4?s=af3542af8420e05eb851e562ce471591&#038;profile_id=113[\/video_player]<\/p>\n","protected":false},"excerpt":{"rendered":"<p>Los Merengues amarran al nuevo capit\u00e1n con un contrato por cinco temporadas<\/p>\n","protected":false},"author":20,"featured_media":303442,"comment_status":"open","ping_status":"open","sticky":false,"template":"","format":"standard","meta":[],"categories":[3839,3844],"tags":[5988,6020],"_links":{"self":[{"href":"http:\/\/desarrollo.grupomedios.com\/futbol\/wp-json\/wp\/v2\/posts\/303441"}],"collection":[{"href":"http:\/\/desarrollo.grupomedios.com\/futbol\/wp-json\/wp\/v2\/posts"}],"about":[{"href":"http:\/\/desarrollo.grupomedios.com\/futbol\/wp-json\/wp\/v2\/types\/post"}],"author":[{"embeddable":true,"href":"http:\/\/desarrollo.grupomedios.com\/futbol\/wp-json\/wp\/v2\/users\/20"}],"replies":[{"embeddable":true,"href":"http:\/\/desarrollo.grupomedios.com\/futbol\/wp-json\/wp\/v2\/comments?post=303441"}],"version-history":[{"count":0,"href":"http:\/\/desarrollo.grupomedios.com\/futbol\/wp-json\/wp\/v2\/posts\/303441\/revisions"}],"wp:featuredmedia":[{"embeddable":true,"href":"http:\/\/desarrollo.grupomedios.com\/futbol\/wp-json\/wp\/v2\/media\/303442"}],"wp:attachment":[{"href":"http:\/\/desarrollo.grupomedios.com\/futbol\/wp-json\/wp\/v2\/media?parent=303441"}],"wp:term":[{"taxonomy":"category","embeddable":true,"href":"http:\/\/desarrollo.grupomedios.com\/futbol\/wp-json\/wp\/v2\/categories?post=303441"},{"taxonomy":"post_tag","embeddable":true,"href":"http:\/\/desarrollo.grupomedios.com\/futbol\/wp-json\/wp\/v2\/tags?post=303441"}],"curies":[{"name":"wp","href":"https:\/\/api.w.org\/{rel}","templated":true}]}}