{"id":303460,"date":"2015-08-17T11:19:54","date_gmt":"2015-08-17T16:19:54","guid":{"rendered":"http:\/\/futboltotal.com.mx\/?p=303460"},"modified":"2015-08-17T12:32:27","modified_gmt":"2015-08-17T17:32:27","slug":"hace-topless-en-pleno-partido","status":"publish","type":"post","link":"http:\/\/desarrollo.grupomedios.com\/futbol\/videos\/hace-topless-en-pleno-partido\/2015\/08","title":{"rendered":"Hace topless en pleno partido"},"content":{"rendered":"<p>Justo cuando uno de los jugadores del <strong>Sparta Praga<\/strong> se dispon\u00eda a cobrar un tiro de esquina, una aficionada del cuadro capitalino aprovech\u00f3 que la atenci\u00f3n (de las c\u00e1maras y todos los espectadores) apuntaba hacia esa zona del campo para mostrar los pechos.<\/p>\n<p>El <em>topless<\/em> ocurri\u00f3 cuando corr\u00eda el minuto 81 del duelo entre el Mlada Boleslav y el <strong>Sparta Praga<\/strong>, dentro de la jornada 4 de la Liga checa.<\/p>\n<p><iframe loading=\"lazy\" src=\"https:\/\/www.youtube.com\/embed\/g_8-k-B-SEM\" frameborder=\"0\" allowfullscreen=\"allowfullscreen\"><\/iframe><\/p>\n<p>La acci\u00f3n (mejor dicho,\u00a0el video) de la aficionada <strong>Sparta Praga<\/strong>\u00a0se han vuelto viral en las redes sociales. Muchos consideran que el gesto result\u00f3 &#8216;ingenioso&#8217;, pero\u00a0otros tanto apuntan hacia falta de educaci\u00f3n. \u00bfUstedes que opinan, <em>cracks<\/em>?<\/p>\n<p>[video_player]https:\/\/player.vimeo.com\/external\/136144753.hd.mp4?s=5d53283ccf9121abb7736429d2c685ef&#038;profile_id=113[\/video_player]<\/p>\n","protected":false},"excerpt":{"rendered":"<p>Aficionada del Sparta Praga arm\u00f3 ex\u00f3tico show en las gradas<\/p>\n","protected":false},"author":20,"featured_media":303461,"comment_status":"open","ping_status":"open","sticky":false,"template":"","format":"standard","meta":[],"categories":[3839,4],"tags":[2033,5946,2844],"_links":{"self":[{"href":"http:\/\/desarrollo.grupomedios.com\/futbol\/wp-json\/wp\/v2\/posts\/303460"}],"collection":[{"href":"http:\/\/desarrollo.grupomedios.com\/futbol\/wp-json\/wp\/v2\/posts"}],"about":[{"href":"http:\/\/desarrollo.grupomedios.com\/futbol\/wp-json\/wp\/v2\/types\/post"}],"author":[{"embeddable":true,"href":"http:\/\/desarrollo.grupomedios.com\/futbol\/wp-json\/wp\/v2\/users\/20"}],"replies":[{"embeddable":true,"href":"http:\/\/desarrollo.grupomedios.com\/futbol\/wp-json\/wp\/v2\/comments?post=303460"}],"version-history":[{"count":0,"href":"http:\/\/desarrollo.grupomedios.com\/futbol\/wp-json\/wp\/v2\/posts\/303460\/revisions"}],"wp:featuredmedia":[{"embeddable":true,"href":"http:\/\/desarrollo.grupomedios.com\/futbol\/wp-json\/wp\/v2\/media\/303461"}],"wp:attachment":[{"href":"http:\/\/desarrollo.grupomedios.com\/futbol\/wp-json\/wp\/v2\/media?parent=303460"}],"wp:term":[{"taxonomy":"category","embeddable":true,"href":"http:\/\/desarrollo.grupomedios.com\/futbol\/wp-json\/wp\/v2\/categories?post=303460"},{"taxonomy":"post_tag","embeddable":true,"href":"http:\/\/desarrollo.grupomedios.com\/futbol\/wp-json\/wp\/v2\/tags?post=303460"}],"curies":[{"name":"wp","href":"https:\/\/api.w.org\/{rel}","templated":true}]}}