{"id":303505,"date":"2015-08-17T14:44:10","date_gmt":"2015-08-17T19:44:10","guid":{"rendered":"http:\/\/futboltotal.com.mx\/?p=303505"},"modified":"2015-08-17T14:44:10","modified_gmt":"2015-08-17T19:44:10","slug":"jona-y-ochoa-primeros-convocados-del-tri","status":"publish","type":"post","link":"http:\/\/desarrollo.grupomedios.com\/futbol\/futbol-mexicano\/jona-y-ochoa-primeros-convocados-del-tri\/2015\/08","title":{"rendered":"&#8216;Jona&#8217; y Ochoa, primeros convocados del Tri"},"content":{"rendered":"<p>Pese a que la <strong>Federaci\u00f3n Mexicana de Futbol<\/strong> a\u00fan sigue sin definir al nuevo director t\u00e9cnico de la <strong><a href=\"http:\/\/futboltotal.com.mx\/futbol-mexicano\/seleccion-mexicana\/\" target=\"_blank\">Selecci\u00f3n Mexicana<\/a><\/strong>, los clubes de M\u00e1laga y Villarreal, dieron a conocer que ya recibieron la convocatoria del organismo nacional, para solicitar los servicios de <strong>Guillermo Ochoa<\/strong> y <strong>Jonathan dos Santos,<\/strong> respectivamente.<\/p>\n<p>Dos Santos y Ochoa recibieron el llamado para acudir a Estados Unidos, donde M\u00e9xico enfrentar\u00e1 a Trinidad y Tobago y Argentina, entre el 4 y 8 de septiembre pr\u00f3ximos. M\u00e1laga y Villarreal confirmaron la convocatoria a trav\u00e9s de sus redes sociales.<\/p>\n<p>M\u00e1laga anunci\u00f3 que sus jugadores,\u00a0<strong>Guillermo Ochoa<\/strong> y Roberto Rosales, recibieron los llamados correspondientes de la <strong>Selecci\u00f3n Mexicana<\/strong> y la de Venezuela, para la Fecha FIFA de septiembre.<\/p>\n<blockquote class=\"twitter-tweet\" lang=\"es\">\n<p dir=\"ltr\" lang=\"es\">Los malaguistas <a href=\"https:\/\/twitter.com\/yosoy8a\">@yosoy8a<\/a> y <a href=\"https:\/\/twitter.com\/Robertico_r\">@Robertico_r<\/a>, convocados con <a href=\"https:\/\/twitter.com\/miseleccionmx\">@miseleccionmx<\/a> y la <a href=\"https:\/\/twitter.com\/SeleVinotinto\">@SeleVinotinto<\/a> <a href=\"http:\/\/t.co\/K5H1BQngL9\">http:\/\/t.co\/K5H1BQngL9<\/a> <a href=\"http:\/\/t.co\/d2bKnB14S7\">pic.twitter.com\/d2bKnB14S7<\/a><\/p>\n<p>\u2014 M\u00e1laga CF (@MalagaCF) <a href=\"https:\/\/twitter.com\/MalagaCF\/status\/633340845140389888\">agosto 17, 2015<\/a><\/p><\/blockquote>\n<p><script src=\"\/\/platform.twitter.com\/widgets.js\" async=\"\" charset=\"utf-8\"><\/script>Por su parte, el Villarreal hizo lo propio para dar a conocer que <strong>Jonathan dos Santos<\/strong> acudir\u00e1 a los juegos en Salt Lake City ante los trinitarios, y en Dallas, ante los sudamericanos.<\/p>\n<blockquote class=\"twitter-tweet\" lang=\"es\"><p>\n.<a href=\"https:\/\/twitter.com\/miseleccionmx\">@miseleccionmx<\/a> convoca a <a href=\"https:\/\/twitter.com\/jona2santos\">@jona2santos<\/a> para los partidos ante Trinidad y Tobago y Argentina. <a href=\"http:\/\/t.co\/GwInUwtvEe\">http:\/\/t.co\/GwInUwtvEe<\/a> <a href=\"http:\/\/t.co\/GoEKNtjaZF\">pic.twitter.com\/GoEKNtjaZF<\/a><\/p>\n<p>\u2014 Villarreal CF (@VillarrealCF) <a href=\"https:\/\/twitter.com\/VillarrealCF\/status\/633299809365979136\">agosto 17, 2015<\/a>\n<\/p><\/blockquote>\n<p><script src=\"\/\/platform.twitter.com\/widgets.js\" async=\"\" charset=\"utf-8\"><\/script><\/p>\n<p>Y mientras se define al nuevo t\u00e9cnico <em>Tricolor<\/em>, y se confirma el llamado del resto de los futbolistas que militan en Europa o en la <strong><a href=\"http:\/\/futboltotal.com.mx\/futbol-mexicano\/\" target=\"_blank\">Liga MX<\/a><\/strong>; Argentina ya <a href=\"http:\/\/futboltotal.com.mx\/2015\/08\/messi-convocado-para-enfrentar-a-mexico\/\" target=\"_blank\">dio a conocer a los elementos<\/a> que viajar\u00e1n a Estados Unidos para enfrentar a M\u00e9xico, donde destacan dos futbolistas que militan en el balompi\u00e9 azteca.<\/p>\n","protected":false},"excerpt":{"rendered":"<p>M\u00e1laga y Villarreal, revelaron que sus elementos ya recibieron la convocatoria.<\/p>\n","protected":false},"author":20,"featured_media":303518,"comment_status":"open","ping_status":"open","sticky":false,"template":"","format":"standard","meta":[],"categories":[2198,3845,3847],"tags":[5991,48,306,142,2607],"_links":{"self":[{"href":"http:\/\/desarrollo.grupomedios.com\/futbol\/wp-json\/wp\/v2\/posts\/303505"}],"collection":[{"href":"http:\/\/desarrollo.grupomedios.com\/futbol\/wp-json\/wp\/v2\/posts"}],"about":[{"href":"http:\/\/desarrollo.grupomedios.com\/futbol\/wp-json\/wp\/v2\/types\/post"}],"author":[{"embeddable":true,"href":"http:\/\/desarrollo.grupomedios.com\/futbol\/wp-json\/wp\/v2\/users\/20"}],"replies":[{"embeddable":true,"href":"http:\/\/desarrollo.grupomedios.com\/futbol\/wp-json\/wp\/v2\/comments?post=303505"}],"version-history":[{"count":0,"href":"http:\/\/desarrollo.grupomedios.com\/futbol\/wp-json\/wp\/v2\/posts\/303505\/revisions"}],"wp:featuredmedia":[{"embeddable":true,"href":"http:\/\/desarrollo.grupomedios.com\/futbol\/wp-json\/wp\/v2\/media\/303518"}],"wp:attachment":[{"href":"http:\/\/desarrollo.grupomedios.com\/futbol\/wp-json\/wp\/v2\/media?parent=303505"}],"wp:term":[{"taxonomy":"category","embeddable":true,"href":"http:\/\/desarrollo.grupomedios.com\/futbol\/wp-json\/wp\/v2\/categories?post=303505"},{"taxonomy":"post_tag","embeddable":true,"href":"http:\/\/desarrollo.grupomedios.com\/futbol\/wp-json\/wp\/v2\/tags?post=303505"}],"curies":[{"name":"wp","href":"https:\/\/api.w.org\/{rel}","templated":true}]}}