{"id":303548,"date":"2015-08-17T16:38:35","date_gmt":"2015-08-17T21:38:35","guid":{"rendered":"http:\/\/futboltotal.com.mx\/?p=303548"},"modified":"2015-08-17T16:54:26","modified_gmt":"2015-08-17T21:54:26","slug":"fmf-esperaria-por-bielsa-hasta-diciembre","status":"publish","type":"post","link":"http:\/\/desarrollo.grupomedios.com\/futbol\/futbol-mexicano\/fmf-esperaria-por-bielsa-hasta-diciembre\/2015\/08","title":{"rendered":"Bielsa ser\u00eda DT del Tri&#8230; \u00bfHasta diciembre?"},"content":{"rendered":"<p>La <strong>Federaci\u00f3n Mexicana de Futbol<\/strong> sigue sin definir al nuevo estratega de tome el lugar que dej\u00f3\u00a0Miguel Herrera en el banquillo <em>tricolor<\/em>. La demora en la elecci\u00f3n parece obedecer\u00a0a que el organismo no ha perdido la fe en convencer al entrenador argentino\u00a0<strong>Marcelo Bielsa<\/strong>.<\/p>\n<p>En ese contexto, trasciende que tras dejar al Marsella, el <em>Loco<\/em>\u00a0tomar\u00eda un receso laboral de seis meses; es decir, <strong>Marcelo Bielsa<\/strong> estar\u00eda listo en diciembre, para recibir ofertas de cualquier club o selecci\u00f3n.<\/p>\n<p>Ante ello, se especula que la posibilidad de que <strong>Marcelo Bielsa<\/strong> acepte trabajar para la <strong><a href=\"http:\/\/www.futboltotal.com.mx\/futbol-mexicano\/seleccion-mexicana\/\" target=\"_blank\">Selecci\u00f3n Mexicana<\/a><\/strong> a partir de diciembre de 2015, podr\u00eda resultar viable para la <strong>FMF<\/strong>. Y mientras llega esa fecha, el m\u00e1ximo organismo del balompi\u00e9 <em>azteca<\/em>\u00a0podr\u00eda elegir a un director t\u00e9cnico interino, que se haga cargo del <em>Tri<\/em>\u00a0para los partidos de\u00a0fechas FIFA de septiembre y octubre, as\u00ed\u00a0como del Repechaje rumbo a la Copa Confederaciones 2017.<\/p>\n<p>No obstante, tambi\u00e9n ha trascendido que\u00a0el nuevo timonel del <em>tricolor<\/em>\u00a0ser\u00eda nombrado en los siguientes d\u00edas. En ese terreno, los candidatos van desde\u00a0Ricardo La Volpe\u00a0hasta\u00a0Pedro Caixinha, pasado por Ra\u00fal Guti\u00e9rrez o Ricardo Ferretti.<\/p>\n<p>Sea interino o director t\u00e9cnico oficial, el elegido tendr\u00e1 una dura prueba el pr\u00f3ximo 10 de octubre, cuando <strong>M\u00e9xico<\/strong> y<strong> Estados Unidos<\/strong> se vean las caras en el <em>Rose Bowl<\/em> de Pasadena, por el boleto a la Copa Confederaciones 2017.<\/p>\n<p><em>Cracks<\/em>, \u00bfqui\u00e9n deber\u00eda ser nombrado como nuevo t\u00e9cnico del <em>Tri<\/em>?<\/p>\n","protected":false},"excerpt":{"rendered":"<p>Esperar al argentino y nombrar un t\u00e9cnico interino, opci\u00f3n que analiza la FMF<\/p>\n","protected":false},"author":20,"featured_media":299050,"comment_status":"open","ping_status":"open","sticky":false,"template":"","format":"standard","meta":[],"categories":[2198,3845,3847],"tags":[1173,65,5979],"_links":{"self":[{"href":"http:\/\/desarrollo.grupomedios.com\/futbol\/wp-json\/wp\/v2\/posts\/303548"}],"collection":[{"href":"http:\/\/desarrollo.grupomedios.com\/futbol\/wp-json\/wp\/v2\/posts"}],"about":[{"href":"http:\/\/desarrollo.grupomedios.com\/futbol\/wp-json\/wp\/v2\/types\/post"}],"author":[{"embeddable":true,"href":"http:\/\/desarrollo.grupomedios.com\/futbol\/wp-json\/wp\/v2\/users\/20"}],"replies":[{"embeddable":true,"href":"http:\/\/desarrollo.grupomedios.com\/futbol\/wp-json\/wp\/v2\/comments?post=303548"}],"version-history":[{"count":0,"href":"http:\/\/desarrollo.grupomedios.com\/futbol\/wp-json\/wp\/v2\/posts\/303548\/revisions"}],"wp:featuredmedia":[{"embeddable":true,"href":"http:\/\/desarrollo.grupomedios.com\/futbol\/wp-json\/wp\/v2\/media\/299050"}],"wp:attachment":[{"href":"http:\/\/desarrollo.grupomedios.com\/futbol\/wp-json\/wp\/v2\/media?parent=303548"}],"wp:term":[{"taxonomy":"category","embeddable":true,"href":"http:\/\/desarrollo.grupomedios.com\/futbol\/wp-json\/wp\/v2\/categories?post=303548"},{"taxonomy":"post_tag","embeddable":true,"href":"http:\/\/desarrollo.grupomedios.com\/futbol\/wp-json\/wp\/v2\/tags?post=303548"}],"curies":[{"name":"wp","href":"https:\/\/api.w.org\/{rel}","templated":true}]}}