{"id":303569,"date":"2015-08-17T16:28:16","date_gmt":"2015-08-17T21:28:16","guid":{"rendered":"http:\/\/futboltotal.com.mx\/?p=303569"},"modified":"2015-08-17T16:28:16","modified_gmt":"2015-08-17T21:28:16","slug":"gerard-pique-primera-tarjeta-roja-desde-2012","status":"publish","type":"post","link":"http:\/\/desarrollo.grupomedios.com\/futbol\/futbol-internacional\/gerard-pique-primera-tarjeta-roja-desde-2012\/2015\/08","title":{"rendered":"Gerard Piqu\u00e9, primera tarjeta roja desde 2012"},"content":{"rendered":"<p>El defensa central del <strong>FC Barcelona<\/strong>, <strong>Gerard Piqu\u00e9<\/strong>, fue expulsado de la Supercopa de Espa\u00f1a ante el Athletic Bilbao, en lo que fue su primera tarjeta roja en club desde el 2012. Con Espa\u00f1a, hab\u00eda sido expulsado en la Copa Confederaciones 2013, en duelo ante Brasil.<\/p>\n<p>Piqu\u00e9 no hab\u00eda visto cart\u00f3n de expulsi\u00f3n desde marzo de ese a\u00f1o, cuando en un <strong>Barcelona vs. Sporting de Gij\u00f3n<\/strong>, el catal\u00e1n vio la tarjeta roja dejando a su equipo en desventaja. La roja no afect\u00f3 mucho al Barcelona, y pese a la expulsi\u00f3n de Gerard Piqu\u00e9, estos ganaron por marcador de 3-1.<\/p>\n<p>Es apenas la tercera roja para Piqu\u00e9 desde que viste los colores del FC Barcelona. En el 2010, en un Barcelona vs. Getafe, Piqu\u00e9 tambi\u00e9n fue expulsado durante un partido de liga, dejando a su equipo en desventaja num\u00e9rica pero sin afectar el resultado final, que nuevamente fue a favor de los cul\u00e9s por marcador de 2-1.<\/p>\n<p>Curiosamente, las tres expulsiones de Gerard Piqu\u00e9 con el Barcelona han sido en el <strong>Camp Nou<\/strong>, y todas con el resultado final a favor de Barcelona pese a haber visto cart\u00f3n de expulsi\u00f3n.<\/p>\n<p>Es la primera vez que Gerard Piqu\u00e9 es expulsado en un partido fuera de la liga espa\u00f1ola con el Barcelona. Previamente, con el Real Zaragoza, Piqu\u00e9 hab\u00eda visto apenas una roja. <\/p>\n","protected":false},"excerpt":{"rendered":"<p>El catal\u00e1n vio apenas su tercera roja con el FC Barcelona<\/p>\n","protected":false},"author":20,"featured_media":303580,"comment_status":"open","ping_status":"open","sticky":false,"template":"","format":"standard","meta":[],"categories":[3839,3844],"tags":[5984,841],"_links":{"self":[{"href":"http:\/\/desarrollo.grupomedios.com\/futbol\/wp-json\/wp\/v2\/posts\/303569"}],"collection":[{"href":"http:\/\/desarrollo.grupomedios.com\/futbol\/wp-json\/wp\/v2\/posts"}],"about":[{"href":"http:\/\/desarrollo.grupomedios.com\/futbol\/wp-json\/wp\/v2\/types\/post"}],"author":[{"embeddable":true,"href":"http:\/\/desarrollo.grupomedios.com\/futbol\/wp-json\/wp\/v2\/users\/20"}],"replies":[{"embeddable":true,"href":"http:\/\/desarrollo.grupomedios.com\/futbol\/wp-json\/wp\/v2\/comments?post=303569"}],"version-history":[{"count":0,"href":"http:\/\/desarrollo.grupomedios.com\/futbol\/wp-json\/wp\/v2\/posts\/303569\/revisions"}],"wp:featuredmedia":[{"embeddable":true,"href":"http:\/\/desarrollo.grupomedios.com\/futbol\/wp-json\/wp\/v2\/media\/303580"}],"wp:attachment":[{"href":"http:\/\/desarrollo.grupomedios.com\/futbol\/wp-json\/wp\/v2\/media?parent=303569"}],"wp:term":[{"taxonomy":"category","embeddable":true,"href":"http:\/\/desarrollo.grupomedios.com\/futbol\/wp-json\/wp\/v2\/categories?post=303569"},{"taxonomy":"post_tag","embeddable":true,"href":"http:\/\/desarrollo.grupomedios.com\/futbol\/wp-json\/wp\/v2\/tags?post=303569"}],"curies":[{"name":"wp","href":"https:\/\/api.w.org\/{rel}","templated":true}]}}