{"id":303596,"date":"2015-08-17T17:59:17","date_gmt":"2015-08-17T22:59:17","guid":{"rendered":"http:\/\/futboltotal.com.mx\/?p=303596"},"modified":"2015-08-17T20:03:57","modified_gmt":"2015-08-18T01:03:57","slug":"futbolistas-violentos-fuera-de-la-cancha","status":"publish","type":"post","link":"http:\/\/desarrollo.grupomedios.com\/futbol\/videos\/futbolistas-violentos-fuera-de-la-cancha\/2015\/08","title":{"rendered":"Futbolistas violentos&#8230; Fuera de la cancha"},"content":{"rendered":"<p>El incidente en el que se vieron envueltos los futbolistas del Necaxa, <a href=\"http:\/\/futboltotal.com.mx\/2015\/08\/estado-grave-agredido-por-jugadores-del-necaxa\/\" target=\"_blank\">Luis Gorocito y Alejandro Molina<\/a>, no es algo nuevo en el balompi\u00e9 mundial, pues tanto jugadores de la <strong><a href=\"http:\/\/www.futboltotal.com.mx\/futbol-mexicano\/\" target=\"_blank\">Liga MX<\/a><\/strong> como astros internacionales, se han dejado llevar por la ira, lejos de los estadios.<\/p>\n<p>Adem\u00e1s de los jugadores de los <em>Rayos<\/em>, estos son los casos de otros futbolistas o entrenadores, que han perdido los estribos fuera de las canchas.<\/p>\n<p><strong>Jes\u00fas Corona<\/strong> | El actual portero de Cruz Azul\u00a0particip\u00f3 en una gresca en el estacionamiento de un bar en febrero de 2010. Al principio, neg\u00f3 haber estado en el lugar del incidente y culp\u00f3 a uno de sus primos, que incluso se parece mucho a \u00e9l; sin embargo, m\u00e1s tarde dio la cara. Aquel suceso margin\u00f3 a <em>Chuy<\/em>\u00a0del Mundial de Sud\u00e1frica 2010.<\/p>\n<p><strong>Miguel Herrera<\/strong> | El <a href=\"http:\/\/futboltotal.com.mx\/2015\/08\/miguel-herrera-rompe-el-silencio\/\" target=\"_blank\"><em>Piojo<\/em> Herrera<\/a>\u00a0cumpli\u00f3 su amenaza contra Christian Martinoli recientemente, cuando se lo encontr\u00f3 en el aeropuerto de Filadelfia, tras haber ganado la Copa Oro 2015. La penosa acci\u00f3n\u00a0le cost\u00f3 al timonel su lugar en el banquillo de la Selecci\u00f3n Mexicana.<\/p>\n<p><iframe loading=\"lazy\" src=\"https:\/\/www.youtube.com\/embed\/jTwrvBxcaVM\" frameborder=\"0\" allowfullscreen=\"allowfullscreen\"><\/iframe><\/p>\n<p><strong>Luis P\u00e9rez<\/strong> y<strong> Efra\u00edn Ju\u00e1rez<\/strong> | Hace un par de semanas, los futbolistas del Monterrey se involucraron en un conflicto contra elementos de seguridad que no los permit\u00edan ingresar a un bar. Luis P\u00e9rez fue grabado mientras lo esposaban, y parec\u00eda encontrarse en estado de ebriedad. Al d\u00eda siguiente, los dos jugadores ofrecieron disculpas.<\/p>\n<p><iframe loading=\"lazy\" src=\"https:\/\/www.youtube.com\/embed\/2O7hBrbUdl8\" frameborder=\"0\" allowfullscreen=\"allowfullscreen\"><\/iframe><\/p>\n<p><strong>Federico Lussenhoff<\/strong> \u00a0y<strong> Bruno Marioni<\/strong> | Dos viejos conocidos de la Liga MX. En 2002, los jugadores argentinos\u00a0cayeron en las provocaciones de la afici\u00f3n del Tenerife, cuando militaban en ese club. Los hinchas los increpaban por un mal resultado del equipo y ellos contestaron con violencia.<\/p>\n<p><iframe loading=\"lazy\" src=\"https:\/\/www.youtube.com\/embed\/zIAwaZ2KvWM\" frameborder=\"0\" allowfullscreen=\"allowfullscreen\"><\/iframe><\/p>\n<p><strong>Los dioses argentinos<\/strong> | <strong>Diego Armando Maradona<\/strong> y <strong>Lionel Messi<\/strong> tambi\u00e9n se enfrentaron contra aficionados; el <em>Pelusa<\/em>\u00a0lo hizo en un bar de Croacia, mientras que la <em>Pulga<\/em> pele\u00f3 junto con sus hermanos en un tugurio de Argentina, en uno de los pocos episodios pol\u00e9micos del astro fuera de la cancha.<\/p>\n<p><iframe loading=\"lazy\" src=\"https:\/\/www.youtube.com\/embed\/SDhgOfHKI08\" frameborder=\"0\" allowfullscreen=\"allowfullscreen\"><\/iframe><\/p>\n","protected":false},"excerpt":{"rendered":"<p>Como los jugadores del Necaxa, hubo otros golpeadores<\/p>\n","protected":false},"author":20,"featured_media":287817,"comment_status":"open","ping_status":"open","sticky":false,"template":"","format":"standard","meta":[],"categories":[3843,2198,4],"tags":[3882,261,3107],"_links":{"self":[{"href":"http:\/\/desarrollo.grupomedios.com\/futbol\/wp-json\/wp\/v2\/posts\/303596"}],"collection":[{"href":"http:\/\/desarrollo.grupomedios.com\/futbol\/wp-json\/wp\/v2\/posts"}],"about":[{"href":"http:\/\/desarrollo.grupomedios.com\/futbol\/wp-json\/wp\/v2\/types\/post"}],"author":[{"embeddable":true,"href":"http:\/\/desarrollo.grupomedios.com\/futbol\/wp-json\/wp\/v2\/users\/20"}],"replies":[{"embeddable":true,"href":"http:\/\/desarrollo.grupomedios.com\/futbol\/wp-json\/wp\/v2\/comments?post=303596"}],"version-history":[{"count":0,"href":"http:\/\/desarrollo.grupomedios.com\/futbol\/wp-json\/wp\/v2\/posts\/303596\/revisions"}],"wp:featuredmedia":[{"embeddable":true,"href":"http:\/\/desarrollo.grupomedios.com\/futbol\/wp-json\/wp\/v2\/media\/287817"}],"wp:attachment":[{"href":"http:\/\/desarrollo.grupomedios.com\/futbol\/wp-json\/wp\/v2\/media?parent=303596"}],"wp:term":[{"taxonomy":"category","embeddable":true,"href":"http:\/\/desarrollo.grupomedios.com\/futbol\/wp-json\/wp\/v2\/categories?post=303596"},{"taxonomy":"post_tag","embeddable":true,"href":"http:\/\/desarrollo.grupomedios.com\/futbol\/wp-json\/wp\/v2\/tags?post=303596"}],"curies":[{"name":"wp","href":"https:\/\/api.w.org\/{rel}","templated":true}]}}