{"id":303614,"date":"2015-08-17T17:40:27","date_gmt":"2015-08-17T22:40:27","guid":{"rendered":"http:\/\/futboltotal.com.mx\/?p=303614"},"modified":"2015-08-17T17:43:37","modified_gmt":"2015-08-17T22:43:37","slug":"fmf-revela-nuevo-organigrama","status":"publish","type":"post","link":"http:\/\/desarrollo.grupomedios.com\/futbol\/destacado-home\/fmf-revela-nuevo-organigrama\/2015\/08","title":{"rendered":"FMF revela nuevo organigrama"},"content":{"rendered":"<p>La nueva era de la Federaci\u00f3n Mexicana de Futbol (<strong>FMF<\/strong>), ya tuvo sus primeros cambios, pues el presidente del organismo <strong>Decio de Mar\u00eda<\/strong> anunci\u00f3 a las modificaciones en el organigrama.<\/p>\n<p><strong>Guillermo Cant\u00fa<\/strong> regresar\u00e1 a la Federaci\u00f3n ahora en la Secretar\u00eda General. Asimismo, Destaca que la Direcci\u00f3n General de Selecciones Nacionales se dividir\u00e1 en dos partes, la primera estar\u00e1 a cargo de Fernando Cerrilla, que tendr\u00e1 como principal objetivo las cuestiones operativas, mientras que en el tema deportivo lo ver\u00e1 <strong>Santiago Ba\u00f1os<\/strong>.<\/p>\n<p>En tanto, H\u00e9ctor Gonz\u00e1lez I\u00f1arrit\u00fa dej\u00f3 la Direcci\u00f3n de Selecciones y se encargar\u00e1 de la Comisi\u00f3n de \u00c1rbitros, puesto que hasta la semana pasada ostenaba Rafael Mancilla.<\/p>\n<p>\u201cEl objetivo es poder encontrar el mejor proyecto para que dirija a la Selecci\u00f3n Nacional, que empiece el proceso en septiembre\u201d, se\u00f1al\u00f3 <strong>Decio de Mar\u00eda<\/strong> en conferencia de prensa.<\/p>\n<p><em>Aclaran convocatorias<\/em><\/p>\n<p>Este lunes M\u00e1laga y Villarreal revelaron que Guillermo Ochoa y Jonathan dos Santos fueron convocados para los partidos contra Argentina y Trinidad y Tobago; a pesar de que el <em>Tri<\/em> no cuenta con t\u00e9cnico. Al respecto, De Mar\u00eda explic\u00f3 que solo lo hicieron para adelantarse, pero en caso que el nuevo estratega lo requiera se replantear\u00e1n el llamado de los jugadores que militan en la liga espa\u00f1ola.<\/p>\n","protected":false},"excerpt":{"rendered":"<p>Ba\u00f1os y  Cerrilla comandar\u00e1n la Direcci\u00f3n de Selecciones Nacionales <\/p>\n","protected":false},"author":20,"featured_media":303627,"comment_status":"open","ping_status":"open","sticky":false,"template":"","format":"standard","meta":[],"categories":[5,2198,3847],"tags":[956,223],"_links":{"self":[{"href":"http:\/\/desarrollo.grupomedios.com\/futbol\/wp-json\/wp\/v2\/posts\/303614"}],"collection":[{"href":"http:\/\/desarrollo.grupomedios.com\/futbol\/wp-json\/wp\/v2\/posts"}],"about":[{"href":"http:\/\/desarrollo.grupomedios.com\/futbol\/wp-json\/wp\/v2\/types\/post"}],"author":[{"embeddable":true,"href":"http:\/\/desarrollo.grupomedios.com\/futbol\/wp-json\/wp\/v2\/users\/20"}],"replies":[{"embeddable":true,"href":"http:\/\/desarrollo.grupomedios.com\/futbol\/wp-json\/wp\/v2\/comments?post=303614"}],"version-history":[{"count":0,"href":"http:\/\/desarrollo.grupomedios.com\/futbol\/wp-json\/wp\/v2\/posts\/303614\/revisions"}],"wp:featuredmedia":[{"embeddable":true,"href":"http:\/\/desarrollo.grupomedios.com\/futbol\/wp-json\/wp\/v2\/media\/303627"}],"wp:attachment":[{"href":"http:\/\/desarrollo.grupomedios.com\/futbol\/wp-json\/wp\/v2\/media?parent=303614"}],"wp:term":[{"taxonomy":"category","embeddable":true,"href":"http:\/\/desarrollo.grupomedios.com\/futbol\/wp-json\/wp\/v2\/categories?post=303614"},{"taxonomy":"post_tag","embeddable":true,"href":"http:\/\/desarrollo.grupomedios.com\/futbol\/wp-json\/wp\/v2\/tags?post=303614"}],"curies":[{"name":"wp","href":"https:\/\/api.w.org\/{rel}","templated":true}]}}