{"id":303668,"date":"2015-08-18T10:00:42","date_gmt":"2015-08-18T15:00:42","guid":{"rendered":"http:\/\/futboltotal.com.mx\/?p=303668"},"modified":"2015-08-17T19:06:01","modified_gmt":"2015-08-18T00:06:01","slug":"tigres-vs-isidro-metapan-revancha-internacional","status":"publish","type":"post","link":"http:\/\/desarrollo.grupomedios.com\/futbol\/futbol-mexicano\/tigres-vs-isidro-metapan-revancha-internacional\/2015\/08","title":{"rendered":"Tigres vs. Isidro Metap\u00e1n | Revancha internacional"},"content":{"rendered":"<p><strong>Tigres vs. Isidro Metap\u00e1n<\/strong>, un duelo que significar\u00e1 la revancha de los regios en el plano internacional, pues iniciar\u00e1n su traves\u00eda por la <a href=\"http:\/\/futboltotal.com.mx\/estadisticas\/estadisticas-concachampions\/\" target=\"_blank\"><strong>Concachampions 2015-16<\/strong><\/a>. La cita ser\u00e1 este martes en punto de las 19:00 horas en el estadio Universitario.<\/p>\n<p>Luego de perder la Final de la Copa Libertadores frente al River Plate, los <em>Felinos<\/em> se quedaron con las ganas de trascender fuera de M\u00e9xico, por ello la Liga de Campeones de Concacaf llega como el consuelo que buscan.<\/p>\n<p>La confianza en el plantel de Ricardo Ferretti est\u00e1 a tope porque saben que lo conforman jugadores imponentes, entre ellos Andr\u00e9-Pierre Gignac o Rafael Sobis.<\/p>\n<p>&#8220;Si ya demostramos en la Libertadores que podemos, c\u00f3mo no demostrarlo ac\u00e1 en Concacaf, hay diferencia de niveles. Queremos aspirar a lo m\u00e1s alto en los dos torneos, seguir haciendo historia en el club y a nivel internacional es una gran oportunidad&#8221;, se\u00f1al\u00f3 Iv\u00e1n Estrada.<\/p>\n<p>\u00bfCu\u00e1l es tu pron\u00f3stico para el <strong>Tigres vs. Isidro Metap\u00e1n<\/strong>, <em>crack<\/em>?<\/p>\n<p><em> Los Gallos anhelan cantar<\/em><\/p>\n<p>M\u00e1s tarde, Quer\u00e9taro har\u00e1 lo propio cuando reciba al Hankook Verdes de Belice en el estadio Corregidora a las 21:00 horas. Los <em>Gallos Blancos<\/em> consiguieron su primera victoria en el certamen, por tanto, quieren mantenerse en la cima del Grupo 3.<\/p>\n","protected":false},"excerpt":{"rendered":"<p>Los Felinos emprenden su traves\u00eda por la Concachampions <\/p>\n","protected":false},"author":20,"featured_media":303670,"comment_status":"open","ping_status":"open","sticky":false,"template":"","format":"standard","meta":[],"categories":[5398,3839,2198],"tags":[3182,5970,5973],"_links":{"self":[{"href":"http:\/\/desarrollo.grupomedios.com\/futbol\/wp-json\/wp\/v2\/posts\/303668"}],"collection":[{"href":"http:\/\/desarrollo.grupomedios.com\/futbol\/wp-json\/wp\/v2\/posts"}],"about":[{"href":"http:\/\/desarrollo.grupomedios.com\/futbol\/wp-json\/wp\/v2\/types\/post"}],"author":[{"embeddable":true,"href":"http:\/\/desarrollo.grupomedios.com\/futbol\/wp-json\/wp\/v2\/users\/20"}],"replies":[{"embeddable":true,"href":"http:\/\/desarrollo.grupomedios.com\/futbol\/wp-json\/wp\/v2\/comments?post=303668"}],"version-history":[{"count":0,"href":"http:\/\/desarrollo.grupomedios.com\/futbol\/wp-json\/wp\/v2\/posts\/303668\/revisions"}],"wp:featuredmedia":[{"embeddable":true,"href":"http:\/\/desarrollo.grupomedios.com\/futbol\/wp-json\/wp\/v2\/media\/303670"}],"wp:attachment":[{"href":"http:\/\/desarrollo.grupomedios.com\/futbol\/wp-json\/wp\/v2\/media?parent=303668"}],"wp:term":[{"taxonomy":"category","embeddable":true,"href":"http:\/\/desarrollo.grupomedios.com\/futbol\/wp-json\/wp\/v2\/categories?post=303668"},{"taxonomy":"post_tag","embeddable":true,"href":"http:\/\/desarrollo.grupomedios.com\/futbol\/wp-json\/wp\/v2\/tags?post=303668"}],"curies":[{"name":"wp","href":"https:\/\/api.w.org\/{rel}","templated":true}]}}