{"id":303672,"date":"2015-08-17T19:50:39","date_gmt":"2015-08-18T00:50:39","guid":{"rendered":"http:\/\/futboltotal.com.mx\/?p=303672"},"modified":"2015-08-17T20:00:12","modified_gmt":"2015-08-18T01:00:12","slug":"diego-maradona-tardo-29-anos-en-disculparse","status":"publish","type":"post","link":"http:\/\/desarrollo.grupomedios.com\/futbol\/futbol-internacional\/diego-maradona-tardo-29-anos-en-disculparse\/2015\/08","title":{"rendered":"Diego Maradona tard\u00f3 29 a\u00f1os en disculparse"},"content":{"rendered":"<p>El ex futbolista argentino, <strong>Diego Armando Maradona<\/strong>, ofreci\u00f3 disculpas al \u00e1rbitro que pit\u00f3 el encuentro entre Argentina e Inglaterra, en el <strong>Mundial de M\u00e9xico 1986<\/strong>, por el gol con la mano que hizo durante el encuentro.<\/p>\n<p>Tras 29 a\u00f1os del tanto conocido como la <em>Mano de Dios<\/em>, <strong>Diego Maradona<\/strong> visit\u00f3 al \u00e1rbitro <strong>Ali Ben Nasser<\/strong>, en Turqu\u00eda, para disculparse con el r\u00e9feri y entregarle un presente. El ex futbolista se encontraba en el pa\u00eds europeo por pendientes publicitarios, por lo que aprovech\u00f3 la oportunidad para darle una sorpresa al \u00e1rbitro.<\/p>\n<p>A trav\u00e9s de su cuenta oficial de Facebook, Maradona comparti\u00f3 con el p\u00fablico el presente que le llev\u00f3 a <strong>Ali Ben Nasser<\/strong>, que le respondi\u00f3 con un obsequio referente al partido que los uni\u00f3 de por vida.<\/p>\n<p>Gracias a ese partido en el que Maradona qued\u00f3 grabado en la historia de los Mundiales, el futbolista le obsequi\u00f3 al \u00e1rbitro, a manera de disculpa y 29 a\u00f1os despu\u00e9s de la acci\u00f3n, una playera de la selecci\u00f3n de Argentina acompa\u00f1ado de la leyenda &#8220;Para Ali, mi amigo eterno&#8221;.<\/p>\n<p><a href=\"http:\/\/futboltotal.com.mx\/wp-content\/uploads\/2015\/08\/Diego-Maradona.png\"><img decoding=\"async\" loading=\"lazy\" class=\"aligncenter wp-image-303681 size-full\" src=\"http:\/\/futboltotal.com.mx\/wp-content\/uploads\/2015\/08\/Diego-Maradona.png\" alt=\"Diego Maradona\" srcset=\"http:\/\/desarrollo.grupomedios.com\/futbol\/wp-content\/uploads\/2015\/08\/Diego-Maradona.png 494w, http:\/\/desarrollo.grupomedios.com\/futbol\/wp-content\/uploads\/2015\/08\/Diego-Maradona-216x300.png 216w\" sizes=\"(max-width: 494px) 100vw, 494px\" \/><\/a><\/p>\n<p>La <em>Mano de Dios<\/em> es una de las trampas m\u00e1s grandes de la historia del balompi\u00e9 profesional, pero tambi\u00e9n es una de las jugadas m\u00e1s significativas de los Mundiales, que fue eclipsada por otra acci\u00f3n en ese mismo partido, en la que Maradona abati\u00f3 a medio conjunto ingl\u00e9s.<\/p>\n<p><iframe loading=\"lazy\" src=\"https:\/\/www.youtube.com\/embed\/gK2z5-cceP4\" frameborder=\"0\" allowfullscreen=\"allowfullscreen\"><\/iframe><\/p>\n","protected":false},"excerpt":{"rendered":"<p>El astro argentino se disculp\u00f3 por la Mano de Dios en M\u00e9xico 86<\/p>\n","protected":false},"author":20,"featured_media":283674,"comment_status":"open","ping_status":"open","sticky":false,"template":"","format":"standard","meta":[],"categories":[3839,3844],"tags":[5996,690],"_links":{"self":[{"href":"http:\/\/desarrollo.grupomedios.com\/futbol\/wp-json\/wp\/v2\/posts\/303672"}],"collection":[{"href":"http:\/\/desarrollo.grupomedios.com\/futbol\/wp-json\/wp\/v2\/posts"}],"about":[{"href":"http:\/\/desarrollo.grupomedios.com\/futbol\/wp-json\/wp\/v2\/types\/post"}],"author":[{"embeddable":true,"href":"http:\/\/desarrollo.grupomedios.com\/futbol\/wp-json\/wp\/v2\/users\/20"}],"replies":[{"embeddable":true,"href":"http:\/\/desarrollo.grupomedios.com\/futbol\/wp-json\/wp\/v2\/comments?post=303672"}],"version-history":[{"count":0,"href":"http:\/\/desarrollo.grupomedios.com\/futbol\/wp-json\/wp\/v2\/posts\/303672\/revisions"}],"wp:featuredmedia":[{"embeddable":true,"href":"http:\/\/desarrollo.grupomedios.com\/futbol\/wp-json\/wp\/v2\/media\/283674"}],"wp:attachment":[{"href":"http:\/\/desarrollo.grupomedios.com\/futbol\/wp-json\/wp\/v2\/media?parent=303672"}],"wp:term":[{"taxonomy":"category","embeddable":true,"href":"http:\/\/desarrollo.grupomedios.com\/futbol\/wp-json\/wp\/v2\/categories?post=303672"},{"taxonomy":"post_tag","embeddable":true,"href":"http:\/\/desarrollo.grupomedios.com\/futbol\/wp-json\/wp\/v2\/tags?post=303672"}],"curies":[{"name":"wp","href":"https:\/\/api.w.org\/{rel}","templated":true}]}}