{"id":303719,"date":"2015-08-18T08:35:25","date_gmt":"2015-08-18T13:35:25","guid":{"rendered":"http:\/\/futboltotal.com.mx\/?p=303719"},"modified":"2015-08-18T14:39:58","modified_gmt":"2015-08-18T19:39:58","slug":"las-nuevas-botas-de-balotelli-con-mohicana","status":"publish","type":"post","link":"http:\/\/desarrollo.grupomedios.com\/futbol\/futbol-internacional\/las-nuevas-botas-de-balotelli-con-mohicana\/2015\/08","title":{"rendered":"Las nuevas botas de Balotelli con mohicana"},"content":{"rendered":"<p><strong>Mario Balotelli<\/strong> no juega, ni siquiera es convocado para presenciar los duelos desde el banquillo con el Liverpool, pero eso s\u00ed, ya tiene unos zapatos confeccionados espec\u00edficamente para \u00e9l, a su estilo, amalgamados perfectamente con su look y sus locuras. <\/p>\n<p>Las botas que <strong>Puma<\/strong> confeccion\u00f3 para Balotelli son como su personalidad, irreverentes y el\u00e9ctricas. Sin embargo, para que el pol\u00e9mico futbolista italiano pueda estrenarlos en un duelo de trascendencia deber\u00e1 esperar y, quiz\u00e1s, cambiar de instituci\u00f3n porque con los <em>Reds<\/em> tiene las puertas cerradas al menos bajo el mandato de Brendan Rodgers. <\/p>\n<p>Por lo pronto, Puma dise\u00f1\u00f3 un modelo que incorpora una extensi\u00f3n capilar a la parte posterior de sus botines, tal y como su apariencia actual con una peque\u00f1a mohicana. Aunado a eso, el sorprendente modelo lleva inscrita en un lateral la famosa frase <strong>Why always me? (\u00bfPor qu\u00e9 siempre yo?)<\/strong> que Balotelli exhibi\u00f3 escrita en una camiseta interior tras marcarle un gol al Manchester United en octubre de 2011 en la hist\u00f3rica victoria del Manchester City (1-6) en el estadio de Old Trafford.<\/p>\n<p><a href=\"http:\/\/futboltotal.com.mx\/wp-content\/uploads\/2015\/08\/Why-Always-Me.jpg\"><img decoding=\"async\" loading=\"lazy\" src=\"http:\/\/futboltotal.com.mx\/wp-content\/uploads\/2015\/08\/Why-Always-Me.jpg\" alt=\"Why Always Me\" class=\"alignnone size-full wp-image-303723\" srcset=\"http:\/\/desarrollo.grupomedios.com\/futbol\/wp-content\/uploads\/2015\/08\/Why-Always-Me.jpg 2048w, http:\/\/desarrollo.grupomedios.com\/futbol\/wp-content\/uploads\/2015\/08\/Why-Always-Me-300x225.jpg 300w, http:\/\/desarrollo.grupomedios.com\/futbol\/wp-content\/uploads\/2015\/08\/Why-Always-Me-1024x768.jpg 1024w\" sizes=\"(max-width: 2048px) 100vw, 2048px\" \/><\/a><\/p>\n<p>Por el momento Balotelli no podr\u00e1 mostrar estas peculiares botas en los partidos. Es probable que ni siquiera las use con el Liverpool y es una inc\u00f3gnita en qu\u00e9 instituci\u00f3n podr\u00e1 estrenarlas. <\/p>\n<p><a href=\"http:\/\/futboltotal.com.mx\/wp-content\/uploads\/2015\/08\/balo_boots_3411072b.jpg\"><img decoding=\"async\" loading=\"lazy\" src=\"http:\/\/futboltotal.com.mx\/wp-content\/uploads\/2015\/08\/balo_boots_3411072b.jpg\" alt=\"balo_boots_3411072b\" class=\"alignnone size-full wp-image-303746\" srcset=\"http:\/\/desarrollo.grupomedios.com\/futbol\/wp-content\/uploads\/2015\/08\/balo_boots_3411072b.jpg 620w, http:\/\/desarrollo.grupomedios.com\/futbol\/wp-content\/uploads\/2015\/08\/balo_boots_3411072b-250x300.jpg 250w\" sizes=\"(max-width: 620px) 100vw, 620px\" \/><\/a><\/p>\n<p><a href=\"http:\/\/futboltotal.com.mx\/wp-content\/uploads\/2015\/08\/balo_boots_heel_3411071b.jpg\"><img decoding=\"async\" loading=\"lazy\" src=\"http:\/\/futboltotal.com.mx\/wp-content\/uploads\/2015\/08\/balo_boots_heel_3411071b.jpg\" alt=\"balo_boots_heel_3411071b\" class=\"alignnone size-revistasmall wp-image-303747\" srcset=\"http:\/\/desarrollo.grupomedios.com\/futbol\/wp-content\/uploads\/2015\/08\/balo_boots_heel_3411071b.jpg 620w, http:\/\/desarrollo.grupomedios.com\/futbol\/wp-content\/uploads\/2015\/08\/balo_boots_heel_3411071b-300x203.jpg 300w\" sizes=\"(max-width: 620px) 100vw, 620px\" \/><\/a><\/p>\n","protected":false},"excerpt":{"rendered":"<p>Los zapatos de Mario contar\u00e1n con una peque\u00f1a cresta en la parte del tal\u00f3n <\/p>\n","protected":false},"author":20,"featured_media":303724,"comment_status":"open","ping_status":"open","sticky":false,"template":"","format":"standard","meta":[],"categories":[5419,3839,3846],"tags":[6002],"_links":{"self":[{"href":"http:\/\/desarrollo.grupomedios.com\/futbol\/wp-json\/wp\/v2\/posts\/303719"}],"collection":[{"href":"http:\/\/desarrollo.grupomedios.com\/futbol\/wp-json\/wp\/v2\/posts"}],"about":[{"href":"http:\/\/desarrollo.grupomedios.com\/futbol\/wp-json\/wp\/v2\/types\/post"}],"author":[{"embeddable":true,"href":"http:\/\/desarrollo.grupomedios.com\/futbol\/wp-json\/wp\/v2\/users\/20"}],"replies":[{"embeddable":true,"href":"http:\/\/desarrollo.grupomedios.com\/futbol\/wp-json\/wp\/v2\/comments?post=303719"}],"version-history":[{"count":0,"href":"http:\/\/desarrollo.grupomedios.com\/futbol\/wp-json\/wp\/v2\/posts\/303719\/revisions"}],"wp:featuredmedia":[{"embeddable":true,"href":"http:\/\/desarrollo.grupomedios.com\/futbol\/wp-json\/wp\/v2\/media\/303724"}],"wp:attachment":[{"href":"http:\/\/desarrollo.grupomedios.com\/futbol\/wp-json\/wp\/v2\/media?parent=303719"}],"wp:term":[{"taxonomy":"category","embeddable":true,"href":"http:\/\/desarrollo.grupomedios.com\/futbol\/wp-json\/wp\/v2\/categories?post=303719"},{"taxonomy":"post_tag","embeddable":true,"href":"http:\/\/desarrollo.grupomedios.com\/futbol\/wp-json\/wp\/v2\/tags?post=303719"}],"curies":[{"name":"wp","href":"https:\/\/api.w.org\/{rel}","templated":true}]}}