{"id":303888,"date":"2015-08-18T15:54:45","date_gmt":"2015-08-18T20:54:45","guid":{"rendered":"http:\/\/futboltotal.com.mx\/?p=303888"},"modified":"2015-08-19T11:50:41","modified_gmt":"2015-08-19T16:50:41","slug":"gignac-volveria-a-la-seleccion-de-francia","status":"publish","type":"post","link":"http:\/\/desarrollo.grupomedios.com\/futbol\/destacado-home\/gignac-volveria-a-la-seleccion-de-francia\/2015\/08","title":{"rendered":"Gignac volver\u00eda a la selecci\u00f3n de Francia"},"content":{"rendered":"<p>El delantero <strong>Andre-Pierre Gingac<\/strong> regresar\u00e1 a la selecci\u00f3n de <strong>Francia<\/strong>. Lo har\u00e1 para disputar el par de partidos amistosos de Fecha FIFA de los <em>Blues,<\/em> pactados para el pr\u00f3ximo mes de septiembre ante <strong>Portugal<\/strong> y<strong> Serbia<\/strong>.<\/p>\n<p>La convocatoria del delantero de los\u00a0<strong>Tigres<\/strong> trascendi\u00f3 este martes en redes sociales, unos d\u00edas antes de que el seleccionador franc\u00e9s Didier Deschamps de a conocer la lista oficial para este par de cotejos de preparaci\u00f3n rumbo a la <strong>Eurocopa 2016<\/strong>, justa de\u00a0la que <strong>Francia<\/strong> ser\u00e1 anfitri\u00f3n.<\/p>\n<p><strong>Andre-Pierre Gingac<\/strong>, futbolista\u00a0de 29 a\u00f1os, regresar\u00e1 a una convocatoria despu\u00e9s de haberse quedado fuera de la Copa del Mundo de Brasil 2014, en la que Deschamps se decant\u00f3 por hombres como Karim Benzema y Olivier Giroud.<\/p>\n<p>El ariete de los <strong>Tigres<\/strong><em>\u00a0<\/em>tuvo su \u00faltimo llamado a la Selecci\u00f3n Francesa tras la justa mundialista -octubre del 2014-, cuando fue requerido de \u00faltima hora para suplir la baja por lesi\u00f3n de Olivier Giroud, curisoamente, de cara a un partido contra el conjunto de las <em>Quinas.<\/em><\/p>\n<p>Didier Deschamps tiene pendiente dar a conocer la lista de convocados y confirmar la convocatoria de\u00a0<strong>Andre-Pierre Gingac<\/strong> para la expedici\u00f3n a Lisboa, que har\u00e1n para medirse a Portugal el 4 de septiembre en el estadio Jose Alvalade,\u00a0y tres d\u00edas frente a Serbia en el nuevo estadio de Bordeaux.<\/p>\n<p>[video_player]https:\/\/player.vimeo.com\/external\/136523600.hd.mp4?s=f518a8f9906429e43a1d8be4acfb5ebc&#038;profile_id=113[\/video_player]<\/p>\n","protected":false},"excerpt":{"rendered":"<p>Deschamps contempla al delantero de Tigres para los duelos de Fecha FIFA<\/p>\n","protected":false},"author":20,"featured_media":303921,"comment_status":"open","ping_status":"open","sticky":false,"template":"","format":"standard","meta":[],"categories":[5,3839],"tags":[5430,2749,5973],"_links":{"self":[{"href":"http:\/\/desarrollo.grupomedios.com\/futbol\/wp-json\/wp\/v2\/posts\/303888"}],"collection":[{"href":"http:\/\/desarrollo.grupomedios.com\/futbol\/wp-json\/wp\/v2\/posts"}],"about":[{"href":"http:\/\/desarrollo.grupomedios.com\/futbol\/wp-json\/wp\/v2\/types\/post"}],"author":[{"embeddable":true,"href":"http:\/\/desarrollo.grupomedios.com\/futbol\/wp-json\/wp\/v2\/users\/20"}],"replies":[{"embeddable":true,"href":"http:\/\/desarrollo.grupomedios.com\/futbol\/wp-json\/wp\/v2\/comments?post=303888"}],"version-history":[{"count":0,"href":"http:\/\/desarrollo.grupomedios.com\/futbol\/wp-json\/wp\/v2\/posts\/303888\/revisions"}],"wp:featuredmedia":[{"embeddable":true,"href":"http:\/\/desarrollo.grupomedios.com\/futbol\/wp-json\/wp\/v2\/media\/303921"}],"wp:attachment":[{"href":"http:\/\/desarrollo.grupomedios.com\/futbol\/wp-json\/wp\/v2\/media?parent=303888"}],"wp:term":[{"taxonomy":"category","embeddable":true,"href":"http:\/\/desarrollo.grupomedios.com\/futbol\/wp-json\/wp\/v2\/categories?post=303888"},{"taxonomy":"post_tag","embeddable":true,"href":"http:\/\/desarrollo.grupomedios.com\/futbol\/wp-json\/wp\/v2\/tags?post=303888"}],"curies":[{"name":"wp","href":"https:\/\/api.w.org\/{rel}","templated":true}]}}