{"id":304041,"date":"2015-08-19T09:53:11","date_gmt":"2015-08-19T14:53:11","guid":{"rendered":"http:\/\/futboltotal.com.mx\/?p=304041"},"modified":"2015-08-19T22:52:22","modified_gmt":"2015-08-20T03:52:22","slug":"malaga-no-quiere-vender-a-memo-ochoa","status":"publish","type":"post","link":"http:\/\/desarrollo.grupomedios.com\/futbol\/destacado-home\/malaga-no-quiere-vender-a-memo-ochoa\/2015\/08","title":{"rendered":"M\u00e1laga no quiere vender a Memo Ochoa"},"content":{"rendered":"<p>El <strong>M\u00e1laga<\/strong> no tiene\u00a0 intenci\u00f3n de traspasar al portero <strong>Guillermo Ochoa<\/strong>. A falta de 12 d\u00edas para que cierre el mercado de fichajes, el club se mantiene firme y, aunque los dirigentes saben que el mexicano no est\u00e1 c\u00f3modo ante la falta de minutos, desea que se quede a cumplir contrato.<\/p>\n<p>A Ochoa Maga\u00f1a lo ven como &#8220;un hombre de futuro&#8221;. La entidad tiene claro que es un portero con el que quiere contar hasta 2017. Si hay ofertas o no por ficharlo es un asunto que pasa a segundo t\u00e9rmino.<\/p>\n<p>Al menos as\u00ed es para Mario Husillos, director deportivo del conjunto andaluz, quien este mi\u00e9rcoles afirm\u00f3 que el arquero<em> azteca<\/em> &#8220;es un super profesional&#8221; al que desea renovar en un futuro no muy lejano.<\/p>\n<p>&#8220;Es l\u00f3gico que un jugador no va a estar nunca contento si juega o no, pero Ochoa es un s\u00faper profesional. Yo creo que es un jugador de futuro, adem\u00e1s tiene una hija malague\u00f1a. Me encantar\u00eda que cumpliera los tres a\u00f1os e incluso que ampliara su contrato&#8221;, declar\u00f3 el dirigente para la p\u00e1gina web del equipo.<\/p>\n<p>Independientemente de si hay o no alguna propuesta formal por Ochoa, el club quiere que este deje de ocupar plaza de extranjero y un a\u00f1o m\u00e1s en Espa\u00f1a se lo garantiza.<\/p>\n<p>La Liga 2015-16 arranca el pr\u00f3ximo fin de semana y los <em>Boquerones\u00a0<\/em>tienen pr\u00e1cticamente cerrada la plantilla. Adem\u00e1s del campeonato, M\u00e1laga disputar\u00e1 la Copa del Rey y Husillos afirm\u00f3 que &#8220;el equipo debe tener las \u00e1reas bien protegidas&#8221;. Con Ochoa y Kameni en la puerta se cumple, por lo que no hay intenci\u00f3n de mover piezas. C\u00f3mo jug\u00e1rlas solo ser\u00e1 decisi\u00f3n del entrenador Javi Gracia.<\/p>\n","protected":false},"excerpt":{"rendered":"<p>El conjunto andaluz desea que el mexicano cumpla contrato; piensan renovarlo<\/p>\n","protected":false},"author":20,"featured_media":304042,"comment_status":"open","ping_status":"open","sticky":false,"template":"","format":"standard","meta":[],"categories":[5,3844,5951],"tags":[5991,306],"_links":{"self":[{"href":"http:\/\/desarrollo.grupomedios.com\/futbol\/wp-json\/wp\/v2\/posts\/304041"}],"collection":[{"href":"http:\/\/desarrollo.grupomedios.com\/futbol\/wp-json\/wp\/v2\/posts"}],"about":[{"href":"http:\/\/desarrollo.grupomedios.com\/futbol\/wp-json\/wp\/v2\/types\/post"}],"author":[{"embeddable":true,"href":"http:\/\/desarrollo.grupomedios.com\/futbol\/wp-json\/wp\/v2\/users\/20"}],"replies":[{"embeddable":true,"href":"http:\/\/desarrollo.grupomedios.com\/futbol\/wp-json\/wp\/v2\/comments?post=304041"}],"version-history":[{"count":0,"href":"http:\/\/desarrollo.grupomedios.com\/futbol\/wp-json\/wp\/v2\/posts\/304041\/revisions"}],"wp:featuredmedia":[{"embeddable":true,"href":"http:\/\/desarrollo.grupomedios.com\/futbol\/wp-json\/wp\/v2\/media\/304042"}],"wp:attachment":[{"href":"http:\/\/desarrollo.grupomedios.com\/futbol\/wp-json\/wp\/v2\/media?parent=304041"}],"wp:term":[{"taxonomy":"category","embeddable":true,"href":"http:\/\/desarrollo.grupomedios.com\/futbol\/wp-json\/wp\/v2\/categories?post=304041"},{"taxonomy":"post_tag","embeddable":true,"href":"http:\/\/desarrollo.grupomedios.com\/futbol\/wp-json\/wp\/v2\/tags?post=304041"}],"curies":[{"name":"wp","href":"https:\/\/api.w.org\/{rel}","templated":true}]}}