{"id":304076,"date":"2015-08-19T12:07:44","date_gmt":"2015-08-19T17:07:44","guid":{"rendered":"http:\/\/futboltotal.com.mx\/?p=304076"},"modified":"2015-08-19T16:51:49","modified_gmt":"2015-08-19T21:51:49","slug":"champions-league-en-vivo-valencia-vs-monaco","status":"publish","type":"post","link":"http:\/\/desarrollo.grupomedios.com\/futbol\/futbol-internacional\/champions-league-en-vivo-valencia-vs-monaco\/2015\/08","title":{"rendered":"As\u00ed se vivi\u00f3| Valencia 3-1 M\u00f3naco"},"content":{"rendered":"<p><span style=\"color: #ff0000;\">94:00 <span style=\"color: #000000;\">| Gracias por seguir la cobertura del partido. Nos leemos la siguiente semana con el desenlace de la serie que dar\u00e1 a los clasificados finales a Fase de Grupos de Champions League 2015-16.<\/span><\/span><\/p>\n<p><span style=\"color: #ff0000;\">94:00 <span style=\"color: #000000;\">| Los resultados en otros partidos de <em>play-off<\/em>: <strong>Basel 2-2 Tel Aviv, Celtic 3-2 Malmo, Rapid Viena 0-1 Shakhtar, Sk\u00ebnderbeu 1-2 Dinamo.<\/strong><\/span><\/span><\/p>\n<p><span style=\"color: #000000;\"><span style=\"color: #ff0000;\">94:00 <span style=\"color: #000000;\">| \u00a1\u00a1Se acab\u00f3 el partido!! Con goles de Feghouli, Parejo y Rodrigo, Valencia vence 3-1 al M\u00f3naco y encamina el pase a Fase de Grupos.\u00a0<\/span><\/span> <\/span><\/p>\n<p><img decoding=\"async\" src=\"https:\/\/pbs.twimg.com\/media\/CMzG2moWIAAzpKA.jpg\" alt=\"As\u00ed se vivi\u00f3| Valencia 3-1 M\u00f3naco 0\" \/><\/p>\n<p><span style=\"color: #ff0000;\">92:00<span style=\"color: #000000;\"> | Raggi se va amonestado por una dura entreda,; el \u00e1rbitro le perdon\u00f3 la roja directa.<\/span><br \/>\n<\/span><\/p>\n<p><span style=\"color: #ff0000;\">91:00 <span style=\"color: #000000;\">| Hay c\u00f3rner&#8230; Wallace le comete falta a Barragn, la jugada no trasciende&#8230;<br \/>\n<\/span><\/span><\/p>\n<p><span style=\"color: #ff0000;\">90:00 <span style=\"color: #000000;\">| Se agregan cuatro minutos!!! El M\u00f3naco al abordaje y el Valencia replegado esperando la contra&#8230;.<\/span><\/span><\/p>\n<p><span style=\"color: #ff0000;\">85:00 <span style=\"color: #000000;\">| Tremendo error de la zaga del M\u00f3naco. No despejan el corner; en el rebote el lateral Raggi pierde la marca y permite que un jugador del Valencia toque retrasado a Feghouli. Implacable el argelino con una raya dentro del \u00e1rea.<br \/>\n<\/span><\/span><\/p>\n<p><img decoding=\"async\" src=\"https:\/\/pbs.twimg.com\/media\/CMzG2evWEAA7IQK.jpg\" alt=\"As\u00ed se vivi\u00f3| Valencia 3-1 M\u00f3naco 1\" \/><\/p>\n<p><span style=\"color: #ff0000;\">85:00 <span style=\"color: #000000;\">| Goooooooooooool del Valencia!!!!<br \/>\n<\/span><\/span><\/p>\n<p><span style=\"color: #ff0000;\">83:00 <span style=\"color: #000000;\">| Ocasi\u00f3n para el Valencia. Hay tiro de esquina&#8230; <\/span><\/span><\/p>\n<p><span style=\"color: #ff0000;\">80:00 <span style=\"color: #000000;\">| Se arm\u00f3 la pol\u00e9mica por una entrada de Dirar sobre Gay\u00e1. El del M\u00f3naco fren\u00f3 bien al lateral, pero este finge una patada en la nuca y queda tendido en el c\u00e9sped. El juego sigue y entra en el tramo final&#8230;.<\/span><\/span><\/p>\n<p><img decoding=\"async\" src=\"https:\/\/pbs.twimg.com\/media\/CMzFz3KWwAAF_iy.jpg\" alt=\"Enlace permanente de imagen incrustada\" \/><\/p>\n<p><span style=\"color: #ff0000;\">78:00 <span style=\"color: #000000;\">| Leonardo Jardim se quema la \u00faltima nave y manda a Stephan el Shaarwy al campo.\u00a0<\/span><\/span><\/p>\n<p><span style=\"color: #ff0000;\">77:00<\/span> | Amonestaci\u00f3n para Mustafi por una entrada sobre Bahlouli.<\/p>\n<p><span style=\"color: #ff0000;\">74:00 <\/span>| Doble cambio: M\u00f3naco | Pasalic sale entra Bahlouli; por Valencia se va Enzo P\u00e9rez e ingresa Negredo.<\/p>\n<p><span style=\"color: #ff0000;\">72:00 <\/span>| PENAL clar\u00edsimooooo!!!! Martial hace un jugad\u00f3n desde medio campo y pis\u00f3 l\u00ednea de fondo, cuando intent\u00f3 centrar le trabaron la pierna&#8230; el \u00e1rbitro no marca nada.<\/p>\n<p><span style=\"color: #ff0000;\">70:00 <\/span>| Vuela Ryan!!!!!!\u00a0 Pasalic remata un centro dentro del \u00e1rea a segundo poste y\u00a0 el arquero del Valencia le mete la mano izquierda para evitar el empate.<\/p>\n<p><span style=\"color: #ff0000;\">66:00 <span style=\"color: #000000;\">|<\/span><\/span> Se le escapa a Feghouli!!!! Servicio de Gaya a segundo poste y el argelino se queda corto en el remate; Subasic hab\u00eda titubeado en la salida.<\/p>\n<p><span style=\"color: #ff0000;\">66:00 <span style=\"color: #000000;\">| Segundo cambio del Valencia: Se va Alc\u00e1cer entra Javi Fuego.<\/span><\/span><\/p>\n<p><span style=\"color: #ff0000;\">65:00<\/span> <span style=\"color: #000000;\">| Piatti recibe un Codazo!!! Dura entrada de Dirar, amonestado tras dos minutos en la cancha.<\/span><\/p>\n<p><span style=\"color: #ff0000;\">63:00 <span style=\"color: #000000;\">| Cambio del M\u00f3naco: se va Cavaleiro, entra Dirar.<\/span><\/span><\/p>\n<p><span style=\"color: #ff0000;\">59:00<\/span> | <span style=\"color: #ff0000;\"><span style=\"color: #000000;\">Piatti, reci\u00e9n ingresado, recentra de aire un servicio por la derecha y se la pone a Parejo, que no perdona el 2-1. <\/span><\/span><\/p>\n<p><img decoding=\"async\" src=\"https:\/\/pbs.twimg.com\/media\/CMzAOqqWgAEmd9p.jpg\" alt=\"As\u00ed se vivi\u00f3| Valencia 3-1 M\u00f3naco 3\" \/><\/p>\n<p><span style=\"color: #ff0000;\">58:00 <span style=\"color: #000000;\">| Goooooooooooooool del Valencia!!!<br \/>\n<\/span><\/span><\/p>\n<p><span style=\"color: #ff0000;\">56:00<\/span> <span style=\"color: #000000;\">| Cambio del M\u00f3naco: se marcha Rodrigo de Paul y entra en su lugar Piatti.<\/span><\/p>\n<p><span style=\"color: #ff0000;\">54:00 <span style=\"color: #000000;\">| Ryan salva al Valencia!!! Fogonazo de Cavaleiro y el portero <em>ch\u00e9<\/em> desv\u00eda con los pu\u00f1os.<\/span><\/span><\/p>\n<p><span style=\"color: #ff0000;\">51:00 <span style=\"color: #000000;\">| El gol es oro puro para el M\u00f3naco; lo sabe Pasalic que festeja en grande el empate 1-1. <\/span><\/span><\/p>\n<p><img decoding=\"async\" src=\"https:\/\/pbs.twimg.com\/media\/CMy-DaYWgAAsbw-.jpg\" alt=\"As\u00ed se vivi\u00f3| Valencia 3-1 M\u00f3naco 4\" \/><\/p>\n<p><span style=\"color: #ff0000;\">50:00<span style=\"color: #000000;\"> | Martial se lleva a dos jugadores del Valencia por la izquierda, pisa el \u00e1rea, mete centro, y Vezo, suplente de Otamendi, no logra rechazar y aparece el croata\u00a0 Mario Pasalic para empujarla.<\/span><\/span><\/p>\n<p><img decoding=\"async\" src=\"https:\/\/pbs.twimg.com\/media\/CMy-DPLWsAApgoI.jpg\" alt=\"As\u00ed se vivi\u00f3| Valencia 3-1 M\u00f3naco 5\" \/><\/p>\n<p><span style=\"color: #ff0000;\">49:00 <span style=\"color: #000000;\">| Gooooooooooooooooool del M\u00f3naco!<br \/>\n<\/span><\/span><\/p>\n<p><span style=\"color: #ff0000;\">47:00 <span style=\"color: #000000;\">| Hay tiro de esquina para el Valencia&#8230;. sale Subasic y ataja.<br \/>\n<\/span><\/span><\/p>\n<p><span style=\"color: #ff0000;\">45:00 <span style=\"color: #000000;\">|<\/span><\/span> \u00a1Arranca la segunda mitad! Mueve el M\u00f3naco&#8230;<\/p>\n<p><span style=\"color: #ff0000;\">45:00 <span style=\"color: #000000;\">| Los otros partidos as\u00ed quedan al medio tiempo: <strong>Basel 1-1 Tel Aviv, Celtic 2-0 Malmo, Rapid Viena 0-1 Shakhtar, Sk\u00ebnderbeu 1-0 Dinamo.<\/strong><br \/>\n<\/span><\/span><\/p>\n<p><span style=\"color: #ff0000;\">45:00 <span style=\"color: #000000;\">| \u00a1Se acab\u00f3 el primer tiempo! Con un gol de Rodrigo al minuto 2, el Valencia toma ventaja sobre el M\u00f3naco.<br \/>\n<\/span><\/span><\/p>\n<p><span style=\"color: #ff0000;\">42:00 <span style=\"color: #000000;\">| Raggi manda el esf\u00e9rico al \u00e1rea.. intenta rematar Cavaleiro y Ryan sale y congela a dos manos.<\/span><\/span><\/p>\n<p><span style=\"color: #ff0000;\">38:00<\/span> | Anulan GOL al M\u00f3naco!!! Martial quiso meterla de taquito, Ryan la par\u00f3 y en el contarremate la mand\u00f3 guardar con la derecha, pero estaba en fuera de juego.<\/p>\n<p><span style=\"color: #ff0000;\">35:oo\u00a0 <span style=\"color: #000000;\">| Ryan la duerme!!! El arquero sale y evita\u00a0 que Cavaleiro conecte un pase filtrado en el \u00e1rea chica. <\/span><\/span><\/p>\n<p><span style=\"color: #ff0000;\">32:00<\/span> | PALO!!!!!!\u00a0 El Valencia pierde el esf\u00e9rico en medio campo, Silva se cuela al \u00e1rea y fusila con un tiro cruzado; el arquero Ryan le mete las u\u00f1as y evita el empate.<\/p>\n<p><span style=\"color: #ff0000;\">30:00\u00a0<span style=\"color: #000000;\">| Subasic ataja!!! Gay\u00e1 mete un cetro a la olla, Alc\u00e1cer se queda cort\u00f3 y sale el portero para rechazar el esf\u00e9rico.<br \/>\n<\/span><\/span><\/p>\n<p><span style=\"color: #ff0000;\">29:00\u00a0<span style=\"color: #000000;\">| El cobro sale a primer poste, rechaza la defensa y Mustafi le quiere pegar de primera con un derechazoooooo&#8230;..a la Grada!!!!!!<\/span><\/span><\/p>\n<p><span style=\"color: #ff0000;\">28:00 <span style=\"color: #000000;\">| Tiro de esuina para el Valencia&#8230;<br \/>\n<\/span><\/span><\/p>\n<p><span style=\"color: #ff0000;\">26:00 <span style=\"color: #000000;\">| Ryan!!!! El arquero <em>ch\u00e9<\/em> se cuelga de la l\u00e1mpara y evita que Carillo remate con la cabeza.<br \/>\n<\/span><\/span><\/p>\n<p><span style=\"color: #ff0000;\">23:00 <span style=\"color: #000000;\">| Tiro de esquina para el M\u00f3naco&#8230; cobra Fabinho al coraz\u00f3n el \u00e1rea pero despejan la bola. Los Ch\u00e9s est\u00e1n muy s\u00f3lidos en defensa.<\/span><\/span><\/p>\n<p><span style=\"color: #ff0000;\">20:00 <span style=\"color: #000000;\">|<\/span><\/span> P\u00e9rez derriba a Cavaleiro y hay tiro libre para el M\u00f3naco&#8230; Fabinho se quema la oportunidad con un tiro a la grada.<\/p>\n<p><span style=\"color: #ff0000;\">17:00 <span style=\"color: #000000;\">|\u00a0 As\u00ed los marcadores en otros encuentros: <strong>Basel 0-0 Tel Aviv, Celtic 2-0 Malmo, Rapid Viena 0-0 Shakhtar, Sk\u00ebnderbeu 0-0 Dinamo.<\/strong><\/span><\/span><\/p>\n<p><span style=\"color: #ff0000;\">14:00 <span style=\"color: #000000;\">| Valencia cierra muy bien los espacios y no deja que el M\u00f3naco pise el \u00e1rea. Defienden con ocho y solo quedan un poco m\u00e1s adelantados Feghouli por derecha y Alc\u00e1cer en punta.<br \/>\n<\/span><\/span><\/p>\n<p><span style=\"color: #ff0000;\">10:00 <span style=\"color: #000000;\">| \u00a1<span class=\"cmtComentario\"><span class=\"cmtContenedorComentario\"><span class=\"cmtComentarioRedactor\">Salva la defensa del M\u00f3naco! Feghouli mete un servicio por la banda derecha y Carvalho barre par evitar que Alcacer marque el segundo. <\/span><\/span><\/span><\/span><\/span><\/p>\n<p><span style=\"color: #ff0000;\">06:00<\/span> | As\u00ed marc\u00f3 Rodrigo Moreno el primer tanto del Valencia.<\/p>\n<p><img decoding=\"async\" src=\"https:\/\/pbs.twimg.com\/media\/CMywBYmW8AAeCty.jpg\" alt=\"As\u00ed se vivi\u00f3| Valencia 3-1 M\u00f3naco 6\" \/><\/p>\n<p><span style=\"color: #ff0000;\">04:00<\/span> | Gooooooooooooooool del Valencia! Parejo mete un servicio al \u00e1rea que Feghouli recentra a segundo poste;\u00a0 Rodrigo empuja ante la mala marca de los centrale Carvalho y Raggi.<\/p>\n<p><span style=\"color: #ff0000;\">02:00<\/span> | Primer amonestado del Partido | Bernardo Silva, del M\u00f3naco, es amonestado por una falta sobre Enzo P\u00e9rez.<\/p>\n<p><span style=\"color: #ff0000;\">00:00<\/span> | \u00a1Arranca el partido en Mestalla! Mueve el Valencia&#8230;<\/p>\n<p><span style=\"color: #ff0000;\">00:00<\/span> | Los equipos saltan a la cancha&#8230;\u00a0 Mestalla est\u00e1 a reventar. Suena el Himno de la Champions League.<\/p>\n<p><span style=\"color: #ff0000;\">00:00<\/span> | As\u00ed salta el M\u00f3naco para enfrentar al Valencia:<\/p>\n<p><img decoding=\"async\" src=\"https:\/\/pbs.twimg.com\/media\/CMynseyWoAAdZus.jpg\" alt=\"Enlace permanente de imagen incrustada\" \/><\/p>\n<p><span style=\"color: #ff0000;\">00:00<\/span> | As\u00ed salta el Valencia para enfrentar al M\u00f3naco:<\/p>\n<p><img decoding=\"async\" src=\"https:\/\/pbs.twimg.com\/media\/CMyhXIDWcAQej7j.jpg\" alt=\"Enlace permanente de imagen incrustada\" \/><\/p>\n<p><script src=\"\/\/platform.twitter.com\/widgets.js\" async=\"\" charset=\"utf-8\"><\/script><span style=\"color: #ff0000;\">00:00<\/span> | Ser\u00e1 la primera vez que ambos clubes tengan que medirse en play-offs. La \u00faltima vez que chocaron fue en un amistoso en 2014 que termin\u00f3 2-2.<\/p>\n<p><span style=\"color: #ff0000;\">00:00<\/span> | Por el contrario, Valencia solo ha ca\u00eddo una vez en Mestalla ante rivales de Francia. El PSG lo ech\u00f3 de los Octavos de Final del curso 2012-13, cuando aun estaba en su plantilla el mexicano Andr\u00e9s Guardado.<\/p>\n<p><span style=\"color: #ff0000;\">00:00<\/span> | M\u00f3naco va contra la historia. En ocho visitas a Espa\u00f1a ha sumado seis derrotas, un empate y un triunfo; este \u00faltimo fue por goleada (5-0) sobre el Deportivo en la Fase Grupos 2004-05.<\/p>\n<p><span style=\"color: #ff0000;\">00:00<\/span> | Los cinco partidos para esta jornada son: <strong>Basel-Tel Aviv, Celtic-Malmo, Rapid Viena-Shakhtar, Sk\u00ebnderbeu-Dinamo y el plato fuert, Valencia-M\u00f3naco.<\/strong><\/p>\n<p><span style=\"color: #ff0000;\">00:00<\/span> | Diez equipos salen a escena para intentar tomar ventaja en la serie que les dar\u00e1 el pase a la Fase de Grupos.<\/p>\n<p><span style=\"color: #ff0000;\">00:00<\/span> | \u00a1Buena tarde, <em>cracks! <\/em>Bienvenidos a la cobertura del segundo d\u00eda de actividades en los play-offs de la Champions League.<\/p>\n","protected":false},"excerpt":{"rendered":"<p> Feghouli sentencia la victoria en Mestalla con un tiro implacable dentro del \u00e1rea<\/p>\n","protected":false},"author":20,"featured_media":304219,"comment_status":"open","ping_status":"open","sticky":false,"template":"","format":"standard","meta":[],"categories":[3841,3839],"tags":[36,6093,5954,87],"_links":{"self":[{"href":"http:\/\/desarrollo.grupomedios.com\/futbol\/wp-json\/wp\/v2\/posts\/304076"}],"collection":[{"href":"http:\/\/desarrollo.grupomedios.com\/futbol\/wp-json\/wp\/v2\/posts"}],"about":[{"href":"http:\/\/desarrollo.grupomedios.com\/futbol\/wp-json\/wp\/v2\/types\/post"}],"author":[{"embeddable":true,"href":"http:\/\/desarrollo.grupomedios.com\/futbol\/wp-json\/wp\/v2\/users\/20"}],"replies":[{"embeddable":true,"href":"http:\/\/desarrollo.grupomedios.com\/futbol\/wp-json\/wp\/v2\/comments?post=304076"}],"version-history":[{"count":0,"href":"http:\/\/desarrollo.grupomedios.com\/futbol\/wp-json\/wp\/v2\/posts\/304076\/revisions"}],"wp:featuredmedia":[{"embeddable":true,"href":"http:\/\/desarrollo.grupomedios.com\/futbol\/wp-json\/wp\/v2\/media\/304219"}],"wp:attachment":[{"href":"http:\/\/desarrollo.grupomedios.com\/futbol\/wp-json\/wp\/v2\/media?parent=304076"}],"wp:term":[{"taxonomy":"category","embeddable":true,"href":"http:\/\/desarrollo.grupomedios.com\/futbol\/wp-json\/wp\/v2\/categories?post=304076"},{"taxonomy":"post_tag","embeddable":true,"href":"http:\/\/desarrollo.grupomedios.com\/futbol\/wp-json\/wp\/v2\/tags?post=304076"}],"curies":[{"name":"wp","href":"https:\/\/api.w.org\/{rel}","templated":true}]}}