{"id":304134,"date":"2015-08-19T13:29:50","date_gmt":"2015-08-19T18:29:50","guid":{"rendered":"http:\/\/futboltotal.com.mx\/?p=304134"},"modified":"2015-08-19T18:50:19","modified_gmt":"2015-08-19T23:50:19","slug":"chivas-separa-a-angel-reyna-del-primer-equipo","status":"publish","type":"post","link":"http:\/\/desarrollo.grupomedios.com\/futbol\/destacado-home\/chivas-separa-a-angel-reyna-del-primer-equipo\/2015\/08","title":{"rendered":"Chivas separa a \u00c1ngel Reyna del primer equipo"},"content":{"rendered":"<p><strong>\u00c1ngel Reyna<\/strong> no jugar\u00e1 m\u00e1s en\u00a0el primer equipo de las <strong>Chivas<\/strong>. Y es que la directiva <em>rojiblanca<\/em> anunci\u00f3 que desde este mi\u00e9rcoles y por tiempo indefinido el volante mexicano entrenar\u00e1 con el equipo de Tercera Divisi\u00f3n del club tapat\u00edo.<\/p>\n<p>\u201cEl Club Deportivo Guadalajara hace de su conocimiento que despu\u00e9s de hacer un an\u00e1lisis de los objetivos grupales, cuerpo t\u00e9cnico y directiva han decidido que el jugador <strong>\u00c1ngel Eduardo Reyna Mart\u00ednez<\/strong> entrene con el equipo de <strong>Tercera Divisi\u00f3n<\/strong> del Club <strong>Chivas San Rafael<\/strong> a partir de esta fecha y por tiempo indefinido\u201d, indic\u00f3 la entidad <em>rojiblanca<\/em> mediante un comunicado.<\/p>\n<p>Y aunque no se dan detalles del motivo\u00a0por las que se tom\u00f3 la decisi\u00f3n, trasciende que un tema de indisciplina ser\u00eda la causa\u00a0de la\u00a0separaci\u00f3n de <strong>\u00c1ngel Reyna<\/strong> del primer equipo de las <strong>Chivas<\/strong>, versi\u00f3n que se basa en el historial conflictivo del jugador.<\/p>\n<p>El mediocampista mexicano lleg\u00f3 al <em>Reba\u00f1o<\/em>\u00a0cromo refuerzo bomba en el Apertura 2014. Sin embargo, en la entidad <em>rojiblanca<\/em>,\u00a0<strong>\u00c1ngel Reyna<\/strong>\u00a0no ha podido encontrar el nivel que alguna vez lo llev\u00f3 a la Selecci\u00f3n Mexicana.<\/p>\n<p>Tras su pol\u00e9mica salida de las <em>\u00c1guilas<\/em> del Am\u00e9rica, en 2011, el mediocampista\u00a0emigr\u00f3 a <em>Rayados<\/em> de Monterrey, para despu\u00e9s tener un paso fugaz\u00a0por Pachuca\u00a0y Veracruz.\u00a0En el presente Apertura 2015, <strong>\u00c1ngel\u00a0Reyna<\/strong> s\u00f3lo ha jugado 44 minutos.<\/p>\n<p>[video_player]https:\/\/player.vimeo.com\/external\/136737796.hd.mp4?s=2b9a065ffef42a711e15ca54db2773c2&amp;profile_id=113[\/video_player]<\/p>\n","protected":false},"excerpt":{"rendered":"<p>El volante fue enviado a Tercera Divisi\u00f3n por tiempo indefinido<\/p>\n","protected":false},"author":20,"featured_media":304136,"comment_status":"open","ping_status":"open","sticky":false,"template":"","format":"standard","meta":[],"categories":[5,2198,3845],"tags":[1659,70],"_links":{"self":[{"href":"http:\/\/desarrollo.grupomedios.com\/futbol\/wp-json\/wp\/v2\/posts\/304134"}],"collection":[{"href":"http:\/\/desarrollo.grupomedios.com\/futbol\/wp-json\/wp\/v2\/posts"}],"about":[{"href":"http:\/\/desarrollo.grupomedios.com\/futbol\/wp-json\/wp\/v2\/types\/post"}],"author":[{"embeddable":true,"href":"http:\/\/desarrollo.grupomedios.com\/futbol\/wp-json\/wp\/v2\/users\/20"}],"replies":[{"embeddable":true,"href":"http:\/\/desarrollo.grupomedios.com\/futbol\/wp-json\/wp\/v2\/comments?post=304134"}],"version-history":[{"count":0,"href":"http:\/\/desarrollo.grupomedios.com\/futbol\/wp-json\/wp\/v2\/posts\/304134\/revisions"}],"wp:featuredmedia":[{"embeddable":true,"href":"http:\/\/desarrollo.grupomedios.com\/futbol\/wp-json\/wp\/v2\/media\/304136"}],"wp:attachment":[{"href":"http:\/\/desarrollo.grupomedios.com\/futbol\/wp-json\/wp\/v2\/media?parent=304134"}],"wp:term":[{"taxonomy":"category","embeddable":true,"href":"http:\/\/desarrollo.grupomedios.com\/futbol\/wp-json\/wp\/v2\/categories?post=304134"},{"taxonomy":"post_tag","embeddable":true,"href":"http:\/\/desarrollo.grupomedios.com\/futbol\/wp-json\/wp\/v2\/tags?post=304134"}],"curies":[{"name":"wp","href":"https:\/\/api.w.org\/{rel}","templated":true}]}}