{"id":304178,"date":"2015-08-19T16:00:15","date_gmt":"2015-08-19T21:00:15","guid":{"rendered":"http:\/\/futboltotal.com.mx\/?p=304178"},"modified":"2015-08-19T20:01:37","modified_gmt":"2015-08-20T01:01:37","slug":"10-eternas-promesas-del-futbol-mexicano","status":"publish","type":"post","link":"http:\/\/desarrollo.grupomedios.com\/futbol\/destacado-home\/10-eternas-promesas-del-futbol-mexicano\/2015\/08","title":{"rendered":"10 eternas promesas del futbol mexicano"},"content":{"rendered":"<p>Cuando arrancaron sus carreras acapararon los reflectores de inmediato. Tras sus primeros pasos en <strong>Primera Divisi\u00f3n<\/strong> se les coloc\u00f3 la etiqueta de <strong>promesas<\/strong>. El talento que guardan (guardaban, mejor dicho) en sus botines los llev\u00f3 incluso a la Selecci\u00f3n Mexicana.<\/p>\n<p>Sin embargo, algunos jugadores que pintaban para ser figuras, terminaron decepcionando al no poder consolidarse. Se esperaba demasiado de ellos, pero nunca lograron mantener el nivel que los llev\u00f3 a ser considerados futuras estrellas dentro del futbol.<\/p>\n<p>Y sin m\u00e1s, han quedado como eterna promesas.<\/p>\n<p>En ese sentido, destaca la figura de <strong>\u00c1ngel Reyna<\/strong>, quien este mi\u00e9rcoles <span style=\"color: #ff0000;\"><a style=\"color: #ff0000;\" href=\"http:\/\/futboltotal.com.mx\/2015\/08\/chivas-separa-a-angel-reyna-del-primer-equipo\/\">fue separado del primer equipo de las <strong>Chivas<\/strong><\/a><\/span> y por tiempo indefinido entrenar\u00e1 con el equipo de Tercera Divisi\u00f3n del club tapat\u00edo.<\/p>\n<p>El penoso presente del volante <em>rojiblanco<\/em> es el pretexto ideal para destacar a <strong>10 eternas promesas del futbol mexicano<\/strong>.<\/p>\n<p><strong>\u00c1ngel Reyna<\/strong> | Fue campe\u00f3n de goleo individual en el Clausura 2011, en su segunda etapa con el Am\u00e9rica; sin embargo, sali\u00f3 de manera pol\u00e9mica del <em>Nido<\/em> meses despu\u00e9s. Fue el refuerzo bomba de las Chivas en el Apertura 2014, pero en la entidad <em>rojiblanca<\/em> no encontr\u00f3 el nivel que alguna vez lo llev\u00f3 a la Selecci\u00f3n Mexicana.<\/p>\n<p><strong>C\u00e9sar Villaluz<\/strong> | Campe\u00f3n del Mundo Sub-17 y con un brillante arranque de carrera con Cruz Azul. Sin embargo, tras su salida de la entidad <em>cementera<\/em> en 2012, se fue apagando poco a poco y no ha vuelto a trascender en el balompi\u00e9 azteca. Actualmente militan en el Atl\u00e9tico San Luis del Ascenso MX.<\/p>\n<div id=\"attachment_298858\" style=\"width: 830px\" class=\"wp-caption alignnone\"><a href=\"http:\/\/futboltotal.com.mx\/wp-content\/uploads\/2015\/08\/cesar-villaluz.jpg\"><img aria-describedby=\"caption-attachment-298858\" decoding=\"async\" loading=\"lazy\" class=\"size-full wp-image-298858\" src=\"http:\/\/futboltotal.com.mx\/wp-content\/uploads\/2015\/08\/cesar-villaluz.jpg\" alt=\"C\u00e9sar Villaluz (San Luis) | De principio a fin, los Tuneros fueron superados el atacante no logr\u00f3 pesar en la goleada que les propin\u00f3 Lobos BUAP (4-0). \" srcset=\"http:\/\/desarrollo.grupomedios.com\/futbol\/wp-content\/uploads\/2015\/08\/cesar-villaluz.jpg 820w, http:\/\/desarrollo.grupomedios.com\/futbol\/wp-content\/uploads\/2015\/08\/cesar-villaluz-300x201.jpg 300w\" sizes=\"(max-width: 820px) 100vw, 820px\" \/><\/a><p id=\"caption-attachment-298858\" class=\"wp-caption-text\">C\u00e9sar Villaluz (San Luis) | De principio a fin, los Tuneros fueron superados el atacante no logr\u00f3 pesar en la goleada que les propin\u00f3 Lobos BUAP (4-0).<\/p><\/div>\n<p><strong>Omar Arellano<\/strong>\u00a0| Por un breve lapso, dio la impresi\u00f3n que se quedar\u00eda a defender la camiseta de Chivas, pero el ariete dej\u00f3 de convencer y pas\u00f3 al Monterrey y posteriormente al Toluca, donde sue\u00f1a con dejar la eterna promesa.<\/p>\n<p><strong>Enrique Esqueda<\/strong>\u00a0| Si bien el <em>Paleta<\/em> brill\u00f3 en la pasada Copa Libertadores con Tigres, pas\u00f3 a segundo t\u00e9rmino, por lo que no ser\u00eda sorpresa que abandone a los regios a final del a\u00f1o.<\/p>\n<p><a href=\"http:\/\/futboltotal.com.mx\/wp-content\/uploads\/2015\/07\/Enrique-Esqueda.jpg\"><img decoding=\"async\" loading=\"lazy\" class=\"alignnone size-full wp-image-297078\" src=\"http:\/\/futboltotal.com.mx\/wp-content\/uploads\/2015\/07\/Enrique-Esqueda.jpg\" alt=\"Enrique Esqueda\" srcset=\"http:\/\/desarrollo.grupomedios.com\/futbol\/wp-content\/uploads\/2015\/07\/Enrique-Esqueda.jpg 820w, http:\/\/desarrollo.grupomedios.com\/futbol\/wp-content\/uploads\/2015\/07\/Enrique-Esqueda-300x201.jpg 300w\" sizes=\"(max-width: 820px) 100vw, 820px\" \/><\/a><\/p>\n<p><em>Venado<\/em><strong> Medina<\/strong>\u00a0| Aunque fue campe\u00f3n con las Chivas, nunca mantuvo regularidad, hoy d\u00eda milita en alebrijes de Oaxaca, donde sigue sin estrenarse como romperredes en el torneo.<\/p>\n<p><strong>Nery Castillo<\/strong>\u00a0| Tras brillar en\u00a0la liga de Grecia\u00a0fue convocado a\u00a0la Selecci\u00f3n Mexicana. Su presentaci\u00f3n result\u00f3 agradable, pero nunca pudo consolidarse y desde hace su salida del Rayo Vallecano (2014) no encuentra equipo.<\/p>\n<p><a href=\"http:\/\/futboltotal.com.mx\/wp-content\/uploads\/2015\/06\/nery-castillo.jpg\"><img decoding=\"async\" loading=\"lazy\" class=\"alignnone size-full wp-image-285617\" src=\"http:\/\/futboltotal.com.mx\/wp-content\/uploads\/2015\/06\/nery-castillo.jpg\" alt=\"nery-castillo\" srcset=\"http:\/\/desarrollo.grupomedios.com\/futbol\/wp-content\/uploads\/2015\/06\/nery-castillo.jpg 820w, http:\/\/desarrollo.grupomedios.com\/futbol\/wp-content\/uploads\/2015\/06\/nery-castillo-300x201.jpg 300w\" sizes=\"(max-width: 820px) 100vw, 820px\" \/><\/a><\/p>\n<p><em>Gonzo<\/em><strong>\u00a0Gonz\u00e1lez<\/strong>\u00a0| Se perfil\u00f3 como uno de los canteranos m\u00e1s destacados de Pumas en los \u00faltimos a\u00f1os, pero su paso por el futbol nacional decepcion\u00f3 a varios y termin\u00f3 por retirarse con San Luis sin hacer ruido.<\/p>\n<p><strong>Luis \u00c1ngel Land\u00edn<\/strong>\u00a0| Era la joya del Pachuca (2003), se perfil\u00f3 como el pr\u00f3ximo artillero del <em>Tri<\/em>, pero poco a poco se apag\u00f3 y con 30 a\u00f1os no figura ni en el Zacatepec Siglo XXI.<\/p>\n<p><a href=\"http:\/\/futboltotal.com.mx\/wp-content\/uploads\/2015\/02\/luis-angel-landin.jpg\"><img decoding=\"async\" loading=\"lazy\" class=\"alignnone size-full wp-image-257369\" src=\"http:\/\/futboltotal.com.mx\/wp-content\/uploads\/2015\/02\/luis-angel-landin.jpg\" alt=\"luis-angel-landin\" srcset=\"http:\/\/desarrollo.grupomedios.com\/futbol\/wp-content\/uploads\/2015\/02\/luis-angel-landin.jpg 650w, http:\/\/desarrollo.grupomedios.com\/futbol\/wp-content\/uploads\/2015\/02\/luis-angel-landin-132x88.jpg 132w, http:\/\/desarrollo.grupomedios.com\/futbol\/wp-content\/uploads\/2015\/02\/luis-angel-landin-95x63.jpg 95w, http:\/\/desarrollo.grupomedios.com\/futbol\/wp-content\/uploads\/2015\/02\/luis-angel-landin-182x122.jpg 182w, http:\/\/desarrollo.grupomedios.com\/futbol\/wp-content\/uploads\/2015\/02\/luis-angel-landin-205x136.jpg 205w, http:\/\/desarrollo.grupomedios.com\/futbol\/wp-content\/uploads\/2015\/02\/luis-angel-landin-420x280.jpg 420w\" sizes=\"(max-width: 650px) 100vw, 650px\" \/><\/a><\/p>\n<p><em>More<\/em><strong>\u00a0Mosqueda<\/strong>\u00a0| Debut\u00f3 en el Apertura 2006 con el gol que le dio el empate al Am\u00e9rica (1-1) frente a Tigres, su caracter\u00edsticas r\u00e1pido lo llenaron de reflectores a tal grado que el mismo Cuauht\u00e9moc Blanco lo vio como su sucesor en Coapa. No obstante, el <em>More<\/em> vino a menos y hoy d\u00eda a sus 30 a\u00f1os de edad tiene poca participaci\u00f3n con Lobos BUAP.<\/p>\n<p><strong>Santiago Fern\u00e1ndez<\/strong> | Debut\u00f3 con las <em>\u00c1guilas<\/em>, de inmediat\u00f3 emocion\u00f3 a la afici\u00f3n <em>azulcrema<\/em> que con el pasar de las jornadas perdi\u00f3 la ilusi\u00f3n en \u00e9l.<\/p>\n<p>[video_player]https:\/\/player.vimeo.com\/external\/136737796.sd.mp4?s=467df40eee36106047aaa237493fe392&amp;profile_id=112[\/video_player]<\/p>\n","protected":false},"excerpt":{"rendered":"<p>Destaca la figura de \u00c1ngel Reyna, separado del primer equipo de Chivas<\/p>\n","protected":false},"author":20,"featured_media":304223,"comment_status":"open","ping_status":"open","sticky":false,"template":"","format":"standard","meta":[],"categories":[5,2198,3845],"tags":[1659,70,64],"_links":{"self":[{"href":"http:\/\/desarrollo.grupomedios.com\/futbol\/wp-json\/wp\/v2\/posts\/304178"}],"collection":[{"href":"http:\/\/desarrollo.grupomedios.com\/futbol\/wp-json\/wp\/v2\/posts"}],"about":[{"href":"http:\/\/desarrollo.grupomedios.com\/futbol\/wp-json\/wp\/v2\/types\/post"}],"author":[{"embeddable":true,"href":"http:\/\/desarrollo.grupomedios.com\/futbol\/wp-json\/wp\/v2\/users\/20"}],"replies":[{"embeddable":true,"href":"http:\/\/desarrollo.grupomedios.com\/futbol\/wp-json\/wp\/v2\/comments?post=304178"}],"version-history":[{"count":0,"href":"http:\/\/desarrollo.grupomedios.com\/futbol\/wp-json\/wp\/v2\/posts\/304178\/revisions"}],"wp:featuredmedia":[{"embeddable":true,"href":"http:\/\/desarrollo.grupomedios.com\/futbol\/wp-json\/wp\/v2\/media\/304223"}],"wp:attachment":[{"href":"http:\/\/desarrollo.grupomedios.com\/futbol\/wp-json\/wp\/v2\/media?parent=304178"}],"wp:term":[{"taxonomy":"category","embeddable":true,"href":"http:\/\/desarrollo.grupomedios.com\/futbol\/wp-json\/wp\/v2\/categories?post=304178"},{"taxonomy":"post_tag","embeddable":true,"href":"http:\/\/desarrollo.grupomedios.com\/futbol\/wp-json\/wp\/v2\/tags?post=304178"}],"curies":[{"name":"wp","href":"https:\/\/api.w.org\/{rel}","templated":true}]}}