{"id":304230,"date":"2015-08-19T17:25:44","date_gmt":"2015-08-19T22:25:44","guid":{"rendered":"http:\/\/futboltotal.com.mx\/?p=304230"},"modified":"2015-08-19T20:48:00","modified_gmt":"2015-08-20T01:48:00","slug":"vergara-explica-la-separacion-de-angel-reyna","status":"publish","type":"post","link":"http:\/\/desarrollo.grupomedios.com\/futbol\/futbol-mexicano\/vergara-explica-la-separacion-de-angel-reyna\/2015\/08","title":{"rendered":"Vergara explica la separaci\u00f3n de \u00c1ngel Reyna"},"content":{"rendered":"<p>La tarde de este mi\u00e9rcoles <strong>Chivas<\/strong> dio la noticia que sorprendi\u00f3 a propios y extra\u00f1os pues se <a href=\"http:\/\/futboltotal.com.mx\/2015\/08\/chivas-separa-a-angel-reyna-del-primer-equipo\/\" target=\"_blank\">anunci\u00f3 la separaci\u00f3n de <strong>\u00c1ngel Reyna<\/strong><\/a>, quien ahora jugar\u00e1 en Tercera Divisi\u00f3n con las fuerzas b\u00e1sicas. Al respecto, tanto <strong>Jorge Vergara<\/strong> como N\u00e9stor de la Torre aclararon que todo fue consecuencia de la actitud del ariete.<\/p>\n<p>\u201cIntentamosle sacar lo mejor, muy profundamente. \u00c9l tiene problemas con mucha gente, le dimos todas las herramientas para que lo lograra, sabemos que tiene mucho talento. Lo sacamos hasta ahora porque intentamos que se adaptara. Por lo pronto no consideramos que regrese, estar\u00e1 en fuerzas b\u00e1sicas, si cambia tal vez vuelva, si no veremos en diciembre a ver qu\u00e9 pasa\u201d, se\u00f1al\u00f3 el due\u00f1o del <em>Reba\u00f1o Sagrado<\/em> a <em>Fox Sports<\/em>.<\/p>\n<p>Por su parte, el presidente deportivo de <strong>Chivas<\/strong>, N\u00e9stor de la Torre, coincidi\u00f3 que <strong>\u00c1ngel Reyna<\/strong> no termin\u00f3 por acatar las \u00f3rdenes del cuerpo t\u00e9cnico y por ello perdi\u00f3 su plaza dentro del equipo.<\/p>\n<p>&#8220;Se le ha brindado el respaldo en todas las instancias y formas. Hay cortes de caja, tiempos de an\u00e1lisis, personas en general. Tenemos que estar metidos en todos los sentidos: vida privada y social. Lo que puedo decir es que esas cosas que a veces parecen hasta obvias no se comparten\u201d, indic\u00f3 el dirigente.<\/p>\n<p>[video_player]https:\/\/player.vimeo.com\/external\/136737796.sd.mp4?s=467df40eee36106047aaa237493fe392&amp;profile_id=112[\/video_player]<\/p>\n","protected":false},"excerpt":{"rendered":"<p>&#8220;Tiene problemas con mucha gente&#8221;, declar\u00f3 el due\u00f1o de las Chivas<\/p>\n","protected":false},"author":20,"featured_media":304231,"comment_status":"open","ping_status":"open","sticky":false,"template":"","format":"standard","meta":[],"categories":[2198,3845,5950],"tags":[1659,70],"_links":{"self":[{"href":"http:\/\/desarrollo.grupomedios.com\/futbol\/wp-json\/wp\/v2\/posts\/304230"}],"collection":[{"href":"http:\/\/desarrollo.grupomedios.com\/futbol\/wp-json\/wp\/v2\/posts"}],"about":[{"href":"http:\/\/desarrollo.grupomedios.com\/futbol\/wp-json\/wp\/v2\/types\/post"}],"author":[{"embeddable":true,"href":"http:\/\/desarrollo.grupomedios.com\/futbol\/wp-json\/wp\/v2\/users\/20"}],"replies":[{"embeddable":true,"href":"http:\/\/desarrollo.grupomedios.com\/futbol\/wp-json\/wp\/v2\/comments?post=304230"}],"version-history":[{"count":0,"href":"http:\/\/desarrollo.grupomedios.com\/futbol\/wp-json\/wp\/v2\/posts\/304230\/revisions"}],"wp:featuredmedia":[{"embeddable":true,"href":"http:\/\/desarrollo.grupomedios.com\/futbol\/wp-json\/wp\/v2\/media\/304231"}],"wp:attachment":[{"href":"http:\/\/desarrollo.grupomedios.com\/futbol\/wp-json\/wp\/v2\/media?parent=304230"}],"wp:term":[{"taxonomy":"category","embeddable":true,"href":"http:\/\/desarrollo.grupomedios.com\/futbol\/wp-json\/wp\/v2\/categories?post=304230"},{"taxonomy":"post_tag","embeddable":true,"href":"http:\/\/desarrollo.grupomedios.com\/futbol\/wp-json\/wp\/v2\/tags?post=304230"}],"curies":[{"name":"wp","href":"https:\/\/api.w.org\/{rel}","templated":true}]}}