{"id":304263,"date":"2015-08-19T20:29:52","date_gmt":"2015-08-20T01:29:52","guid":{"rendered":"http:\/\/futboltotal.com.mx\/?p=304263"},"modified":"2015-08-19T20:49:10","modified_gmt":"2015-08-20T01:49:10","slug":"tuca-tecnico-del-tri-por-cuatro-partidos","status":"publish","type":"post","link":"http:\/\/desarrollo.grupomedios.com\/futbol\/destacado-home\/tuca-tecnico-del-tri-por-cuatro-partidos\/2015\/08","title":{"rendered":"Tuca, t\u00e9cnico del TRI\u2026 \u00bfPor cuatro partidos?"},"content":{"rendered":"<p>Tras <a href=\"http:\/\/futboltotal.com.mx\/2015\/08\/descartan-llegada-de-la-volpe-al-tri\/\">descartarse la llegada del argentino Ricardo La Volpe a la <b>Selecci\u00f3n Mexicana<\/b><\/a>, ahora trasciende que el brasile\u00f1o <b>Ricardo Ferretti<\/b> est\u00e1 cerca de tomar las riendas del <i>Tri<\/i>, aunque con una condici\u00f3n: s\u00f3lo por cuatro partidos.<\/p>\n<p>En ese sentido, el portal <i>As M\u00e9xico<\/i> publica que el <i>Tuca<\/i> <b>Ferretti<\/b>, actual t\u00e9cnico de Tigres, se contact\u00f3 esta la tarde con los directivos de la Federaci\u00f3n Mexicana de Futbol para comunicarles que est\u00e1 dispuesto a tomar la direcci\u00f3n t\u00e9cnica de la selecci\u00f3n <i>azteca<\/i>, aunque a\u00a0manera de interinato.<\/p>\n<p>Se presume que la intenci\u00f3n es darle tiempo a los dirigentes de la FMF de buscar al t\u00e9cnico ideal que complete el ciclo rumbo al Mundial de Rusia 2018. Ante ello, el <i>Tuca<\/i> se har\u00eda cargo del Tri\u00a0para los partidos de\u00a0Fecha FIFA de septiembre y octubre, as\u00ed\u00a0como del Repechaje contra Estados Unidos, por la clasificaci\u00f3n a la Copa Confederaciones 2017.<\/p>\n<p>Esa es la informaci\u00f3n que circula en la entidad <i>tricolor<\/i>. El <b>Ricardo<\/b> <b>Ferretti<\/b> habr\u00eda aceptado dirigir a la Selecci\u00f3n Mexicana de manera interina, ya que su deseo es terminar su carrera en Tigres, escuadra que ser\u00eda dirigida por Miguel Mej\u00eda Bar\u00f3n mientras el <i>Tuca<\/i> est\u00e9 dirigiendo al combinado <i>azteca<\/i>.<\/p>\n<p>Cabe apuntar que el pasado lunes,\u00a0<strong>Decio de Mar\u00eda<\/strong>, presidente de la\u00a0<strong>Federaci\u00f3n Mexicana de Futbol<\/strong>, adelant\u00f3 que <a href=\"http:\/\/futboltotal.com.mx\/2015\/08\/mexico-tendra-dt-la-proxima-semana\/\">la pr\u00f3xima semana ser\u00e1 presentado el nuevo director t\u00e9cnico de la\u00a0<strong>Selecci\u00f3n Mexicana<\/strong><\/a>. Y aunque no se planea un interinato en el banquillo\u00a0<em>tricolor<\/em>, pues se espera que quien llegue se haga cargo de un proyecto deportivo hasta el Mundial de\u00a0<strong>Rusia 2018<\/strong>, el dirigente dej\u00f3 la opci\u00f3n abierta.<\/p>\n<p>\u201cNo es nuestro objetivo\u00a0<strong>tener un interinato<\/strong>, pero tampoco podemos decir que no, si no concretamos el proyecto en el cual estamos trabajando\u201d, dijo.<\/p>\n<p>[video_player]https:\/\/player.vimeo.com\/external\/136737796.sd.mp4?s=467df40eee36106047aaa237493fe392&amp;profile_id=112[\/video_player]<\/p>\n","protected":false},"excerpt":{"rendered":"<p>Seg\u00fan trasciende, esa ser\u00eda la condici\u00f3n del DT brasile\u00f1o<\/p>\n","protected":false},"author":20,"featured_media":301295,"comment_status":"open","ping_status":"open","sticky":false,"template":"","format":"standard","meta":[],"categories":[5,2198,3847,5950],"tags":[65,5979,258,1458],"_links":{"self":[{"href":"http:\/\/desarrollo.grupomedios.com\/futbol\/wp-json\/wp\/v2\/posts\/304263"}],"collection":[{"href":"http:\/\/desarrollo.grupomedios.com\/futbol\/wp-json\/wp\/v2\/posts"}],"about":[{"href":"http:\/\/desarrollo.grupomedios.com\/futbol\/wp-json\/wp\/v2\/types\/post"}],"author":[{"embeddable":true,"href":"http:\/\/desarrollo.grupomedios.com\/futbol\/wp-json\/wp\/v2\/users\/20"}],"replies":[{"embeddable":true,"href":"http:\/\/desarrollo.grupomedios.com\/futbol\/wp-json\/wp\/v2\/comments?post=304263"}],"version-history":[{"count":0,"href":"http:\/\/desarrollo.grupomedios.com\/futbol\/wp-json\/wp\/v2\/posts\/304263\/revisions"}],"wp:featuredmedia":[{"embeddable":true,"href":"http:\/\/desarrollo.grupomedios.com\/futbol\/wp-json\/wp\/v2\/media\/301295"}],"wp:attachment":[{"href":"http:\/\/desarrollo.grupomedios.com\/futbol\/wp-json\/wp\/v2\/media?parent=304263"}],"wp:term":[{"taxonomy":"category","embeddable":true,"href":"http:\/\/desarrollo.grupomedios.com\/futbol\/wp-json\/wp\/v2\/categories?post=304263"},{"taxonomy":"post_tag","embeddable":true,"href":"http:\/\/desarrollo.grupomedios.com\/futbol\/wp-json\/wp\/v2\/tags?post=304263"}],"curies":[{"name":"wp","href":"https:\/\/api.w.org\/{rel}","templated":true}]}}