{"id":304314,"date":"2015-08-19T23:01:16","date_gmt":"2015-08-20T04:01:16","guid":{"rendered":"http:\/\/futboltotal.com.mx\/?p=304314"},"modified":"2015-08-19T23:06:54","modified_gmt":"2015-08-20T04:06:54","slug":"dedican-memes-a-angel-reyna","status":"publish","type":"post","link":"http:\/\/desarrollo.grupomedios.com\/futbol\/galerias\/dedican-memes-a-angel-reyna\/2015\/08","title":{"rendered":"Dedican Memes a \u00c1ngel Reyna"},"content":{"rendered":"<p><strong>\u00c1ngel Reyna<\/strong> no jugar\u00e1 m\u00e1s en el primer equipo de las <strong>Chivas<\/strong>. Este mi\u00e9rcoles\u00a0la directiva <em>rojiblanca<\/em> anunci\u00f3 que -despu\u00e9s de hacer un an\u00e1lisis de los objetivos grupales- el volante mexicano entrenar\u00e1\u00a0por tiempo indefinido\u00a0con el equipo de Tercera Divisi\u00f3n del club tapat\u00edo.<\/p>\n<p>Y tras darse a conocer\u00a0la separaci\u00f3n de <strong>\u00c1ngel Reyna<\/strong> del primer equipo de las <strong>Chivas<\/strong>, los famosos <strong>Memes<\/strong> hicieron acto de presencia. En esta oportunidad, los aficionados tundieron con todo al <em>Angelito<\/em>.<\/p>\n<div id=\"gallerytsc\" style=\"display:none;\"><img alt=\"\" src=\"http:\/\/desarrollo.grupomedios.com\/futbol\/wp-content\/uploads\/2015\/08\/MEMES_ANGEL_REYNA_1.jpg\" data-image=\"http:\/\/desarrollo.grupomedios.com\/futbol\/wp-content\/uploads\/2015\/08\/MEMES_ANGEL_REYNA_1.jpg\" data-description=\"MEMES_ANGEL_REYNA_1\"><img alt=\"MEMES | \u00c1ngel Reyna\" src=\"http:\/\/desarrollo.grupomedios.com\/futbol\/wp-content\/uploads\/2015\/08\/MEMES_ANGEL_REYNA_2.jpg\" data-image=\"http:\/\/desarrollo.grupomedios.com\/futbol\/wp-content\/uploads\/2015\/08\/MEMES_ANGEL_REYNA_2.jpg\" data-description=\"MEMES_ANGEL_REYNA_2\"><img alt=\"MEMES | \u00c1ngel Reyna\" src=\"http:\/\/desarrollo.grupomedios.com\/futbol\/wp-content\/uploads\/2015\/08\/MEMES_ANGEL_REYNA_3.jpg\" data-image=\"http:\/\/desarrollo.grupomedios.com\/futbol\/wp-content\/uploads\/2015\/08\/MEMES_ANGEL_REYNA_3.jpg\" data-description=\"MEMES_ANGEL_REYNA_3\"><img alt=\"MEMES | \u00c1ngel Reyna\" src=\"http:\/\/desarrollo.grupomedios.com\/futbol\/wp-content\/uploads\/2015\/08\/MEMES_ANGEL_REYNA_4.jpg\" data-image=\"http:\/\/desarrollo.grupomedios.com\/futbol\/wp-content\/uploads\/2015\/08\/MEMES_ANGEL_REYNA_4.jpg\" data-description=\"MEMES_ANGEL_REYNA_4\"><img alt=\"MEMES | \u00c1ngel Reyna\" src=\"http:\/\/desarrollo.grupomedios.com\/futbol\/wp-content\/uploads\/2015\/08\/MEMES_ANGEL_REYNA_5.jpg\" data-image=\"http:\/\/desarrollo.grupomedios.com\/futbol\/wp-content\/uploads\/2015\/08\/MEMES_ANGEL_REYNA_5.jpg\" data-description=\"MEMES_ANGEL_REYNA_5\"><img alt=\"MEMES | \u00c1ngel Reyna\" src=\"http:\/\/desarrollo.grupomedios.com\/futbol\/wp-content\/uploads\/2015\/08\/MEMES_ANGEL_REYNA_6.jpg\" data-image=\"http:\/\/desarrollo.grupomedios.com\/futbol\/wp-content\/uploads\/2015\/08\/MEMES_ANGEL_REYNA_6.jpg\" data-description=\"MEMES_ANGEL_REYNA_6\"><img alt=\"MEMES | \u00c1ngel Reyna\" src=\"http:\/\/desarrollo.grupomedios.com\/futbol\/wp-content\/uploads\/2015\/08\/MEMES_ANGEL_REYNA_9.jpg\" data-image=\"http:\/\/desarrollo.grupomedios.com\/futbol\/wp-content\/uploads\/2015\/08\/MEMES_ANGEL_REYNA_9.jpg\" data-description=\"MEMES_ANGEL_REYNA_9\"><img alt=\"MEMES | \u00c1ngel Reyna\" src=\"http:\/\/desarrollo.grupomedios.com\/futbol\/wp-content\/uploads\/2015\/08\/MEMES_ANGEL_REYNA_10.jpg\" data-image=\"http:\/\/desarrollo.grupomedios.com\/futbol\/wp-content\/uploads\/2015\/08\/MEMES_ANGEL_REYNA_10.jpg\" data-description=\"MEMES_ANGEL_REYNA_10\"><img alt=\"MEMES | \u00c1ngel Reyna\" src=\"http:\/\/desarrollo.grupomedios.com\/futbol\/wp-content\/uploads\/2015\/08\/MEMES_ANGEL_REYNA_8.jpg\" data-image=\"http:\/\/desarrollo.grupomedios.com\/futbol\/wp-content\/uploads\/2015\/08\/MEMES_ANGEL_REYNA_8.jpg\" data-description=\"MEMES_ANGEL_REYNA_8\"><img alt=\"MEMES | \u00c1ngel Reyna\" src=\"http:\/\/desarrollo.grupomedios.com\/futbol\/wp-content\/uploads\/2015\/08\/MEMES_ANGEL_REYNA_7.jpg\" data-image=\"http:\/\/desarrollo.grupomedios.com\/futbol\/wp-content\/uploads\/2015\/08\/MEMES_ANGEL_REYNA_7.jpg\" data-description=\"MEMES_ANGEL_REYNA_7\"><\/div>\n        <script>\n        \/\/galeria 1\n        jQuery(document).ready(function(){ \n            var api;\n            api = jQuery(\"#gallerytsc\").unitegallery({\n                carousel_autoplay: false\n            }); \n        });\n        <\/script>\n        \n<p>Sobre la separaci\u00f3n de <strong>\u00c1ngel Reyna<\/strong> del primer de la <strong>Chivas<\/strong>, <strong>Jorge Vergara<\/strong>, presidente del club Guadalajara, apunt\u00f3\u00a0que fue consecuencia de la actitud del jugador.<\/p>\n<p>\u201cIntentamos sacar lo mejor, muy profundamente. \u00c9l tiene problemas con mucha gente, le dimos todas las herramientas para que lo lograra, sabemos que tiene mucho talento. Lo sacamos hasta ahora porque intentamos que se adaptara. Por lo pronto no consideramos que regrese, estar\u00e1 en fuerzas b\u00e1sicas, si cambia tal vez vuelva, si no veremos en diciembre a ver qu\u00e9 pasa\u201d, se\u00f1al\u00f3 el due\u00f1o del <em>Reba\u00f1o Sagrado<\/em> a <em>Fox Sports<\/em>.<\/p>\n<p>El mediocampista mexicano lleg\u00f3 al\u00a0<em>Reba\u00f1o<\/em>\u00a0cromo refuerzo bomba en el Apertura 2014. Sin embargo, en la entidad\u00a0<em>rojiblanca<\/em>,\u00a0<strong>\u00c1ngel Reyna<\/strong>\u00a0no ha podido encontrar el nivel que alguna vez lo llev\u00f3 a la Selecci\u00f3n Mexicana.<\/p>\n<p>Tras su pol\u00e9mica salida de las\u00a0<em>\u00c1guilas<\/em>\u00a0del Am\u00e9rica, en 2011, el mediocampista\u00a0emigr\u00f3 a\u00a0<em>Rayados<\/em>\u00a0de Monterrey, para despu\u00e9s tener un paso fugaz\u00a0por Pachuca\u00a0y Veracruz.\u00a0En el presente Apertura 2015,\u00a0<strong>\u00c1ngel\u00a0Reyna<\/strong>\u00a0s\u00f3lo disput\u00f3\u00a044 minutos.<\/p>\n<p>[video_player]https:\/\/player.vimeo.com\/external\/136737796.sd.mp4?s=467df40eee36106047aaa237493fe392&amp;profile_id=112[\/video_player]<\/p>\n","protected":false},"excerpt":{"rendered":"<p>El pol\u00e9mico jugador fue separado del primer equipo de las Chivas<\/p>\n","protected":false},"author":20,"featured_media":304351,"comment_status":"open","ping_status":"open","sticky":false,"template":"","format":"standard","meta":[],"categories":[2198,3,3845],"tags":[1659,70],"_links":{"self":[{"href":"http:\/\/desarrollo.grupomedios.com\/futbol\/wp-json\/wp\/v2\/posts\/304314"}],"collection":[{"href":"http:\/\/desarrollo.grupomedios.com\/futbol\/wp-json\/wp\/v2\/posts"}],"about":[{"href":"http:\/\/desarrollo.grupomedios.com\/futbol\/wp-json\/wp\/v2\/types\/post"}],"author":[{"embeddable":true,"href":"http:\/\/desarrollo.grupomedios.com\/futbol\/wp-json\/wp\/v2\/users\/20"}],"replies":[{"embeddable":true,"href":"http:\/\/desarrollo.grupomedios.com\/futbol\/wp-json\/wp\/v2\/comments?post=304314"}],"version-history":[{"count":0,"href":"http:\/\/desarrollo.grupomedios.com\/futbol\/wp-json\/wp\/v2\/posts\/304314\/revisions"}],"wp:featuredmedia":[{"embeddable":true,"href":"http:\/\/desarrollo.grupomedios.com\/futbol\/wp-json\/wp\/v2\/media\/304351"}],"wp:attachment":[{"href":"http:\/\/desarrollo.grupomedios.com\/futbol\/wp-json\/wp\/v2\/media?parent=304314"}],"wp:term":[{"taxonomy":"category","embeddable":true,"href":"http:\/\/desarrollo.grupomedios.com\/futbol\/wp-json\/wp\/v2\/categories?post=304314"},{"taxonomy":"post_tag","embeddable":true,"href":"http:\/\/desarrollo.grupomedios.com\/futbol\/wp-json\/wp\/v2\/tags?post=304314"}],"curies":[{"name":"wp","href":"https:\/\/api.w.org\/{rel}","templated":true}]}}