{"id":304522,"date":"2015-08-20T14:19:56","date_gmt":"2015-08-20T19:19:56","guid":{"rendered":"http:\/\/futboltotal.com.mx\/?p=304522"},"modified":"2015-08-20T15:07:05","modified_gmt":"2015-08-20T20:07:05","slug":"la-tactica-de-mourinho-para-convencer-a-pedro-de-ir-al-chelsea","status":"publish","type":"post","link":"http:\/\/desarrollo.grupomedios.com\/futbol\/top-internacional-home\/la-tactica-de-mourinho-para-convencer-a-pedro-de-ir-al-chelsea\/2015\/08","title":{"rendered":"La t\u00e1ctica de Mourinho para &#8216;robarse&#8217; a Pedro"},"content":{"rendered":"<p><strong><span style=\"color: #008000;\">La compra de Pedro sacudi\u00f3 el mercado<\/span><\/strong> y dar\u00e1 un envi\u00f3n an\u00edmico importante para el <span style=\"color: #008000;\"><strong>Chelsea<\/strong><\/span> en este arranque complicado de campeonato, sumado a todo el aporte que puede proveer desde m\u00faltiples posiciones el talentoso canario.<\/p>\n<p>Pedro no se sent\u00eda lo suficientemente valorado en el Barcelona y sus minutos eran escasos tras la explosi\u00f3n goleadora de la <em>MSN<\/em>, as\u00ed que el tinerfe\u00f1o decidi\u00f3 dar un paso al costado en busca de esos minutos que lo coloquen en la \u00f3rbita de Vicente del Bosque para la convocatoria a la Euro 2016 e incre\u00edblemente, <strong>Jos\u00e9 Mourinho le baj\u00f3 las estrellas<\/strong> y lo convenci\u00f3 de unirse al proyecto del Chelsea con una t\u00e1ctica fant\u00e1stica: <strong>llamadas para halagarlo por su potencial y al mismo tiempo convencerlo de que su participaci\u00f3n en el equipo estelar est\u00e1 asegurada<\/strong>.<\/p>\n<p>&#8220;Me llam\u00f3 en varias ocasiones y dijo que me necesitaba para hacer al equipo m\u00e1s fuerte. Ha ganado t\u00edtulos all\u00e1 donde ha estado. Estoy deseando jugar a sus \u00f3rdenes y, ojal\u00e1, pueda ganar m\u00e1s t\u00edtulos&#8221;.<\/p>\n<p>Si esa no fuera una raz\u00f3n suficiente para arribar al Chelsea, Cesc F\u00e1bregas le dio m\u00e1s alternativas para seducirlo de pertenecer a los <em>Blues<\/em>.<\/p>\n<p>&#8220;Somos muy buenos amigos. Sab\u00eda que me sentir\u00eda como en casa aqu\u00ed y fue una de las razones por las que decid\u00ed venir al Chelsea. Es un gran jugador con una visi\u00f3n de juego brillante y se asocia muy bien con los otros jugadores. S\u00e9 que trabajamos bien cuando estamos sobre el terreno de juego. Deseo volver a jugar con \u00e9l&#8221;, finaliz\u00f3 Pedro, <a href=\"http:\/\/futboltotal.com.mx\/2015\/08\/oficial-chelsea-ficha-a-pedro\/\">el flamante fichaje para la entidad de Stamford Bridge<\/a>.<\/p>\n<p>[video_player]https:\/\/player.vimeo.com\/external\/136856507.hd.mp4?s=7428171c6fddcd4479458f124b70537f&#038;profile_id=113[\/video_player]<\/p>\n","protected":false},"excerpt":{"rendered":"<p>El campe\u00f3n del mundo con Espa\u00f1a sorprendi\u00f3 con sus declaraciones <\/p>\n","protected":false},"author":20,"featured_media":304533,"comment_status":"open","ping_status":"open","sticky":false,"template":"","format":"standard","meta":[],"categories":[5951],"tags":[5981,3396],"_links":{"self":[{"href":"http:\/\/desarrollo.grupomedios.com\/futbol\/wp-json\/wp\/v2\/posts\/304522"}],"collection":[{"href":"http:\/\/desarrollo.grupomedios.com\/futbol\/wp-json\/wp\/v2\/posts"}],"about":[{"href":"http:\/\/desarrollo.grupomedios.com\/futbol\/wp-json\/wp\/v2\/types\/post"}],"author":[{"embeddable":true,"href":"http:\/\/desarrollo.grupomedios.com\/futbol\/wp-json\/wp\/v2\/users\/20"}],"replies":[{"embeddable":true,"href":"http:\/\/desarrollo.grupomedios.com\/futbol\/wp-json\/wp\/v2\/comments?post=304522"}],"version-history":[{"count":0,"href":"http:\/\/desarrollo.grupomedios.com\/futbol\/wp-json\/wp\/v2\/posts\/304522\/revisions"}],"wp:featuredmedia":[{"embeddable":true,"href":"http:\/\/desarrollo.grupomedios.com\/futbol\/wp-json\/wp\/v2\/media\/304533"}],"wp:attachment":[{"href":"http:\/\/desarrollo.grupomedios.com\/futbol\/wp-json\/wp\/v2\/media?parent=304522"}],"wp:term":[{"taxonomy":"category","embeddable":true,"href":"http:\/\/desarrollo.grupomedios.com\/futbol\/wp-json\/wp\/v2\/categories?post=304522"},{"taxonomy":"post_tag","embeddable":true,"href":"http:\/\/desarrollo.grupomedios.com\/futbol\/wp-json\/wp\/v2\/tags?post=304522"}],"curies":[{"name":"wp","href":"https:\/\/api.w.org\/{rel}","templated":true}]}}