{"id":304568,"date":"2015-08-20T15:48:42","date_gmt":"2015-08-20T20:48:42","guid":{"rendered":"http:\/\/futboltotal.com.mx\/?p=304568"},"modified":"2015-08-20T15:50:05","modified_gmt":"2015-08-20T20:50:05","slug":"real-madrid-da-salida-a-su-joya-marco-asensio","status":"publish","type":"post","link":"http:\/\/desarrollo.grupomedios.com\/futbol\/futbol-internacional\/liga-de-espana\/real-madrid-da-salida-a-su-joya-marco-asensio\/2015\/08","title":{"rendered":"Real Madrid da salida a su joya: Marco Asensio"},"content":{"rendered":"<p><a href=\"http:\/\/futboltotal.com.mx\/2015\/08\/real-madrid-presenta-a-mateo-kovacic\/\">Con la contrataci\u00f3n de Mateo Kovacic<\/a> el Real Madrid estaba repleto de mediocampistas. Por eso era prudente dar salida a uno de los varios prospectos con los que se cuenta en la plantilla y el elegido fue <strong>Marco Asensi<\/strong>o. <\/p>\n<p><strong>La joven estrella del Real Madrid<\/strong> jugar\u00e1 el presente curso como cedido a las \u00f3rdenes del t\u00e9cnico Sergio Gonz\u00e1lez con el Espanyol. El media punta, ser\u00e1 presentado de forma oficial el viernes en el Power8 Stadium, tras pasar la revisi\u00f3n m\u00e9dica este jueves. <\/p>\n<blockquote class=\"twitter-tweet\" lang=\"es\">\n<p lang=\"es\" dir=\"ltr\">.<a href=\"https:\/\/twitter.com\/marcoasensio10\">@MarcoAsensio10<\/a>, nueva incorporaci\u00f3n <a href=\"https:\/\/twitter.com\/hashtag\/RCDE?src=hash\">#RCDE<\/a>! Llega cedido por el <a href=\"https:\/\/twitter.com\/realmadrid\">@realmadrid<\/a>. <a href=\"https:\/\/twitter.com\/hashtag\/BenvingutMarco?src=hash\">#BenvingutMarco<\/a> <a href=\"http:\/\/t.co\/aOHUM2e0dD\">http:\/\/t.co\/aOHUM2e0dD<\/a> <a href=\"http:\/\/t.co\/uKkuCV7509\">pic.twitter.com\/uKkuCV7509<\/a><\/p>\n<p>&mdash; RCD ESPANYOL OFICIAL (@RCDEspanyol) <a href=\"https:\/\/twitter.com\/RCDEspanyol\/status\/634392964245098496\">agosto 20, 2015<\/a><\/p><\/blockquote>\n<p><script async src=\"\/\/platform.twitter.com\/widgets.js\" charset=\"utf-8\"><\/script><\/p>\n<p>&#8220;Llego con muchas ganas e ilusi\u00f3n. Y espero que sea un buen a\u00f1o, tanto para m\u00ed como para el Espanyol&#8221;, espet\u00f3 Marco Asensio en sus primeras declaraciones como futbolista del Espanyol.<\/p>\n<p>Marco Asensio llega cedido, sin opci\u00f3n de compra. En una de las cl\u00e1usulas de su contrato se se\u00f1ala que debe disponer de minutos, pues es esa la raz\u00f3n de su cesi\u00f3n al Espanyol: mostrar sus destrezas y regresar con una experiencia invaluable para sus futuras etapas como <em>merengue<\/em>. <\/p>\n<p>Como es habitual, Asensio no podr\u00e1 jugar en ninguno de los dos enfrentamientos ligueros contra su equipo, el Real Madrid. Cl\u00e1usula habitual que suele poner siempre a sus canteranos el club blanco, y que ya ejerci\u00f3 con otros futbolistas que pasaron por las filas del Espanyol en condici\u00f3n de cedidos.<\/p>\n<p><iframe loading=\"lazy\" src=\"https:\/\/www.youtube.com\/embed\/c9vc5raT2G4\" frameborder=\"0\" allowfullscreen><\/iframe><\/p>\n","protected":false},"excerpt":{"rendered":"<p>El juvenil se va cedido al Espanyol sin opci\u00f3n a compra <\/p>\n","protected":false},"author":20,"featured_media":304578,"comment_status":"open","ping_status":"open","sticky":false,"template":"","format":"standard","meta":[],"categories":[3844],"tags":[67,6116],"_links":{"self":[{"href":"http:\/\/desarrollo.grupomedios.com\/futbol\/wp-json\/wp\/v2\/posts\/304568"}],"collection":[{"href":"http:\/\/desarrollo.grupomedios.com\/futbol\/wp-json\/wp\/v2\/posts"}],"about":[{"href":"http:\/\/desarrollo.grupomedios.com\/futbol\/wp-json\/wp\/v2\/types\/post"}],"author":[{"embeddable":true,"href":"http:\/\/desarrollo.grupomedios.com\/futbol\/wp-json\/wp\/v2\/users\/20"}],"replies":[{"embeddable":true,"href":"http:\/\/desarrollo.grupomedios.com\/futbol\/wp-json\/wp\/v2\/comments?post=304568"}],"version-history":[{"count":0,"href":"http:\/\/desarrollo.grupomedios.com\/futbol\/wp-json\/wp\/v2\/posts\/304568\/revisions"}],"wp:featuredmedia":[{"embeddable":true,"href":"http:\/\/desarrollo.grupomedios.com\/futbol\/wp-json\/wp\/v2\/media\/304578"}],"wp:attachment":[{"href":"http:\/\/desarrollo.grupomedios.com\/futbol\/wp-json\/wp\/v2\/media?parent=304568"}],"wp:term":[{"taxonomy":"category","embeddable":true,"href":"http:\/\/desarrollo.grupomedios.com\/futbol\/wp-json\/wp\/v2\/categories?post=304568"},{"taxonomy":"post_tag","embeddable":true,"href":"http:\/\/desarrollo.grupomedios.com\/futbol\/wp-json\/wp\/v2\/tags?post=304568"}],"curies":[{"name":"wp","href":"https:\/\/api.w.org\/{rel}","templated":true}]}}