{"id":304657,"date":"2015-08-20T20:08:03","date_gmt":"2015-08-21T01:08:03","guid":{"rendered":"http:\/\/futboltotal.com.mx\/?p=304657"},"modified":"2015-08-20T23:46:59","modified_gmt":"2015-08-21T04:46:59","slug":"angel-reyna-deja-plantada-a-filial-de-chivas","status":"publish","type":"post","link":"http:\/\/desarrollo.grupomedios.com\/futbol\/futbol-mexicano\/angel-reyna-deja-plantada-a-filial-de-chivas\/2015\/08","title":{"rendered":"\u00c1ngel Reyna deja plantada a filial de Chivas"},"content":{"rendered":"<p>La filial de <strong><a href=\"http:\/\/futboltotal.com.mx\/equipos\/guadalajara\/\" target=\"_blank\">Chivas<\/a><\/strong> en Tercera Divisi\u00f3n esperaba la incorporaci\u00f3n de <strong>\u00c1ngel Reyna<\/strong> al equipo, para el entrenamiento de este jueves 20 de agosto; sin embargo el volante no se present\u00f3 a las instalaciones de San Rafael, donde trabaj\u00f3 el club.<\/p>\n<p>Tras ser separado del primer equipo de <strong>Chivas<\/strong>, <strong>\u00c1ngel Reyna<\/strong> deb\u00eda de arribar a la filial por la tarde de este jueves, donde el Director T\u00e9cnico Fernando Camacho, lo recibir\u00eda y lo tratar\u00eda como a cualquier elemento de su plantilla, por \u00f3rdenes de N\u00e9stor de la Torre.<\/p>\n<p>Reyna nunca lleg\u00f3 a la pr\u00e1ctica, que hab\u00eda iniciado a las 15:30 horas, debido a que el equipo de <strong>Chivas<\/strong>, hab\u00eda sostenido un encuentro amistoso un d\u00eda antes.<\/p>\n<p>Algunos miembros del cuerpo t\u00e9cnico del equipo ya se imaginaron que el futbolista no acudir\u00eda al llamado, por lo que advirtieron a los j\u00f3venes de entre 16 y 18 a\u00f1os, que no se ilusionaran con la llegada de Reyna.<\/p>\n<p>El primer equipo de Guadalajara, decidi\u00f3 separar a <strong>\u00c1ngel Reyna<\/strong> por problemas de disciplina. El pronunciamiento lo hicieron el jueves 20 de agosto, donde anunciaban que el futbolista deb\u00eda de integrarse con <strong><a href=\"http:\/\/futboltotal.com.mx\/2015\/08\/chivas-separa-a-angel-reyna-del-primer-equipo\/\" target=\"_blank\">Chivas San Rafael<\/a><\/strong>, a partir del siguiente d\u00eda, pero el futbolista no obedeci\u00f3.<\/p>\n<p>El historial de <a href=\"http:\/\/futboltotal.com.mx\/2015\/08\/los-10-futbolistas-mas-peleoneros-de-la-liga-mx\/\" target=\"_blank\">indisciplina de <strong>\u00c1ngel Reyna<\/strong> <\/a>es largo, pues Veracruz, Am\u00e9rica y <strong>Chivas<\/strong>, han tenido que prescindir de sus servicios, a causa de su actitud.<\/p>\n<p><strong>VIDEO: Agenda de TV, Liga MX, Jornada 6<\/strong><\/p>\n<p>[video_player]https:\/\/player.vimeo.com\/external\/136737796.hd.mp4?s=2b9a065ffef42a711e15ca54db2773c2&amp;profile_id=113[\/video_player]<\/p>\n","protected":false},"excerpt":{"rendered":"<p>No se present\u00f3 al entrenamiento con la filial de Tercera Divisi\u00f3n<\/p>\n","protected":false},"author":20,"featured_media":304650,"comment_status":"open","ping_status":"open","sticky":false,"template":"","format":"standard","meta":[],"categories":[2198,3845,5950],"tags":[1659,70],"_links":{"self":[{"href":"http:\/\/desarrollo.grupomedios.com\/futbol\/wp-json\/wp\/v2\/posts\/304657"}],"collection":[{"href":"http:\/\/desarrollo.grupomedios.com\/futbol\/wp-json\/wp\/v2\/posts"}],"about":[{"href":"http:\/\/desarrollo.grupomedios.com\/futbol\/wp-json\/wp\/v2\/types\/post"}],"author":[{"embeddable":true,"href":"http:\/\/desarrollo.grupomedios.com\/futbol\/wp-json\/wp\/v2\/users\/20"}],"replies":[{"embeddable":true,"href":"http:\/\/desarrollo.grupomedios.com\/futbol\/wp-json\/wp\/v2\/comments?post=304657"}],"version-history":[{"count":0,"href":"http:\/\/desarrollo.grupomedios.com\/futbol\/wp-json\/wp\/v2\/posts\/304657\/revisions"}],"wp:featuredmedia":[{"embeddable":true,"href":"http:\/\/desarrollo.grupomedios.com\/futbol\/wp-json\/wp\/v2\/media\/304650"}],"wp:attachment":[{"href":"http:\/\/desarrollo.grupomedios.com\/futbol\/wp-json\/wp\/v2\/media?parent=304657"}],"wp:term":[{"taxonomy":"category","embeddable":true,"href":"http:\/\/desarrollo.grupomedios.com\/futbol\/wp-json\/wp\/v2\/categories?post=304657"},{"taxonomy":"post_tag","embeddable":true,"href":"http:\/\/desarrollo.grupomedios.com\/futbol\/wp-json\/wp\/v2\/tags?post=304657"}],"curies":[{"name":"wp","href":"https:\/\/api.w.org\/{rel}","templated":true}]}}