{"id":304698,"date":"2015-08-21T07:40:33","date_gmt":"2015-08-21T12:40:33","guid":{"rendered":"http:\/\/futboltotal.com.mx\/?p=304698"},"modified":"2015-08-21T07:41:36","modified_gmt":"2015-08-21T12:41:36","slug":"oficial-tuca-ferretti-dt-de-la-seleccion-mexicana","status":"publish","type":"post","link":"http:\/\/desarrollo.grupomedios.com\/futbol\/destacado-home\/oficial-tuca-ferretti-dt-de-la-seleccion-mexicana\/2015\/08","title":{"rendered":"OFICIAL: Tuca Ferretti, DT de la Selecci\u00f3n Mexicana"},"content":{"rendered":"<p><strong>Ricardo Ferretti<\/strong> ser\u00e1 el t\u00e9cnico\u00a0de la <strong>Selecci\u00f3n Mexicana<\/strong>. El entrenador brasile\u00f1o, hasta este jueves t\u00e9cnico de <strong>Tigres<\/strong>,\u00a0se har\u00e1 carga o del <em>Tri<\/em> de manera interina, s\u00f3lo por lo pr\u00f3ximos cuatro partidos.<\/p>\n<p>&#8220;<strong>Ricardo Ferretti<\/strong>\u00a0nos ofreci\u00f3 poder trabajar durante los pr\u00f3ximos partidos que tiene la Selecci\u00f3n Nacional,\u00a0en sus juegos amistosos,\u00a0para continuar con este proceso de construcci\u00f3n del proyecto que nos pueda llevar de una manera normal hacia la calificaci\u00f3n del Mundial de Rusia&#8221;, apunt\u00f3\u00a0<strong>Decio de Mar\u00eda<\/strong>, presidente\u00a0de la <strong>Federaci\u00f3n Mexicana de Futbol<\/strong>, en entrevista con Joaqu\u00edn L\u00f3pez D\u00f3riga.<\/p>\n<p>La intenci\u00f3n del &#8216;apresurado&#8217; nombramiento es darle tiempo a los dirigentes de la FMF de buscar al t\u00e9cnico ideal que complete el ciclo rumbo al Mundial de Rusia 2018. Ante ello, el\u00a0<i>Tuca<\/i>\u00a0se har\u00e1\u00a0cargo de la <strong>Selecci\u00f3n Mexicana<\/strong>\u00a0para los dos partidos de\u00a0<strong>Fecha FIFA<\/strong> de septiembre (ante Trinidad y Tobago y Estados Unidos) y uno m\u00e1s -amistoso- en octubre, as\u00ed\u00a0como del Repechaje (10 de octubre) contra Estados Unidos, por la clasificaci\u00f3n a la Copa Confederaciones 2017.<\/p>\n<p><strong>Decio de Mar\u00eda<\/strong> agreg\u00f3 que\u00a0hasta ahora no se ha firmado ning\u00fan documento, por lo que ser\u00e1 en las pr\u00f3ximas horas\u00a0cuando se oficialice\u00a0el nombramiento. Adem\u00e1s, el dirigente\u00a0espera que en noviembre se tenga definido\u00a0al t\u00e9cnico que tomar\u00e1 la direcci\u00f3n t\u00e9cnica de la <strong>Selecci\u00f3n Mexicana<\/strong> rumbo al Mundial de Rusia 2018..<\/p>\n<p>El <em>Tuca<\/em>\u00a0<b>Ferretti<\/b>\u00a0acept\u00f3 dirigir a la selecci\u00f3n de<strong> M\u00e9xico<\/strong>\u00a0de manera interina, ya que su deseo es terminar su carrera en <strong>Tigres<\/strong>, escuadra que ser\u00eda dirigida por Miguel Mej\u00eda Bar\u00f3n mientras el brasile\u00f1o\u00a0est\u00e9 dirigiendo al combinado\u00a0<i>azteca<\/i>.<\/p>\n","protected":false},"excerpt":{"rendered":"<p>El t\u00e9cnico brasile\u00f1o se har\u00e1 cargo del Tri de manera interina, s\u00f3lo por lo pr\u00f3ximos cuatro partidos.<\/p>\n","protected":false},"author":20,"featured_media":304705,"comment_status":"open","ping_status":"open","sticky":false,"template":"","format":"standard","meta":[],"categories":[5,2198,3847,5950],"tags":[65,104,5979,258],"_links":{"self":[{"href":"http:\/\/desarrollo.grupomedios.com\/futbol\/wp-json\/wp\/v2\/posts\/304698"}],"collection":[{"href":"http:\/\/desarrollo.grupomedios.com\/futbol\/wp-json\/wp\/v2\/posts"}],"about":[{"href":"http:\/\/desarrollo.grupomedios.com\/futbol\/wp-json\/wp\/v2\/types\/post"}],"author":[{"embeddable":true,"href":"http:\/\/desarrollo.grupomedios.com\/futbol\/wp-json\/wp\/v2\/users\/20"}],"replies":[{"embeddable":true,"href":"http:\/\/desarrollo.grupomedios.com\/futbol\/wp-json\/wp\/v2\/comments?post=304698"}],"version-history":[{"count":0,"href":"http:\/\/desarrollo.grupomedios.com\/futbol\/wp-json\/wp\/v2\/posts\/304698\/revisions"}],"wp:featuredmedia":[{"embeddable":true,"href":"http:\/\/desarrollo.grupomedios.com\/futbol\/wp-json\/wp\/v2\/media\/304705"}],"wp:attachment":[{"href":"http:\/\/desarrollo.grupomedios.com\/futbol\/wp-json\/wp\/v2\/media?parent=304698"}],"wp:term":[{"taxonomy":"category","embeddable":true,"href":"http:\/\/desarrollo.grupomedios.com\/futbol\/wp-json\/wp\/v2\/categories?post=304698"},{"taxonomy":"post_tag","embeddable":true,"href":"http:\/\/desarrollo.grupomedios.com\/futbol\/wp-json\/wp\/v2\/tags?post=304698"}],"curies":[{"name":"wp","href":"https:\/\/api.w.org\/{rel}","templated":true}]}}