{"id":304755,"date":"2015-08-21T12:34:54","date_gmt":"2015-08-21T17:34:54","guid":{"rendered":"http:\/\/futboltotal.com.mx\/?p=304755"},"modified":"2015-08-21T12:39:21","modified_gmt":"2015-08-21T17:39:21","slug":"raul-gudino-convocado-con-primer-equipo-del-porto","status":"publish","type":"post","link":"http:\/\/desarrollo.grupomedios.com\/futbol\/futbol-internacional\/raul-gudino-convocado-con-primer-equipo-del-porto\/2015\/08","title":{"rendered":"Ra\u00fal Gudi\u00f1o, convocado con primer equipo del Porto"},"content":{"rendered":"<p>Paso a paso <strong>Ra\u00fal Gudi\u00f1o<\/strong> se est\u00e1 ganando las oportunidades con el <strong>Porto<\/strong> y el s\u00e1bado podr\u00eda cumplir una meta m\u00e1s, pues est\u00e1 dentro los 20 convocados para afrontar la primera vista de los Dragones en el campeonato. <\/p>\n<p>El t\u00e9cnico Julen Lopetegui agreg\u00f3 por primera vez al guardameta mexicano Ra\u00fal Gudi\u00f1o a la lista de \u00e9lite y podr\u00eda sorprender qued\u00e1ndose como el segundo portero de la instituci\u00f3n: en detrimento de Helton y a las espaldas ni m\u00e1s ni menos que de Iker Casillas. <\/p>\n<blockquote class=\"twitter-tweet\" lang=\"es\">\n<p lang=\"es\" dir=\"ltr\">Cissokho and <a href=\"https:\/\/twitter.com\/RaulGudino1\">@RaulGudino1<\/a> in the call-up for Mar\u00edtimo \/ Cissokho y <a href=\"https:\/\/twitter.com\/RaulGudino1\">@RaulGudino1<\/a> llamados para el partido con Mar\u00edtimo <a href=\"http:\/\/t.co\/xQFYJSfiEo\">pic.twitter.com\/xQFYJSfiEo<\/a><\/p>\n<p>&mdash; FC Porto (@FCPorto) <a href=\"https:\/\/twitter.com\/FCPorto\/status\/634705270539554817\">agosto 21, 2015<\/a><\/p><\/blockquote>\n<p><script async src=\"\/\/platform.twitter.com\/widgets.js\" charset=\"utf-8\"><\/script><\/p>\n<p>Con menos de 20 a\u00f1os, Ra\u00fal Gudi\u00f1o formar\u00e1 parte del plantel con el que Porto afronta una visita compleja al Maritimo en la segunda fecha de la liga. En el arranque de temporada, Ra\u00fal Gudi\u00f1o no entr\u00f3 en la convocatoria y se perdi\u00f3 el triunfo por goleada de 3-0 sobre el Guimaraes, donde el mediocampista H\u00e9ctor Herrera disput\u00f3 54 minutos.<\/p>\n<p>Tambi\u00e9n en su Facebook hicieron eco de las convocatorias para los dos mexicanos. <\/p>\n<p><a href=\"http:\/\/futboltotal.com.mx\/wp-content\/uploads\/2015\/08\/Porto-convocados.jpg\"><img decoding=\"async\" loading=\"lazy\" src=\"http:\/\/futboltotal.com.mx\/wp-content\/uploads\/2015\/08\/Porto-convocados.jpg\" alt=\"Porto convocados\" class=\"alignnone size-full wp-image-304768\" srcset=\"http:\/\/desarrollo.grupomedios.com\/futbol\/wp-content\/uploads\/2015\/08\/Porto-convocados.jpg 499w, http:\/\/desarrollo.grupomedios.com\/futbol\/wp-content\/uploads\/2015\/08\/Porto-convocados-293x300.jpg 293w\" sizes=\"(max-width: 499px) 100vw, 499px\" \/><\/a><\/p>\n<p>Con respecto al compromiso, Julen Lopetegui dio sus impresiones y no se f\u00eda en su primera vista, pues considera que el Mar\u00edtimo es uno de los clubes contendientes al campeonato. <\/p>\n<p>&#8220;Mar\u00edtimo es un equipo bien estructurado y preparado y tienen un buen entrenador. Creo que es uno de los equipos que terminar\u00e1n la liga en la parte superior de la tabla. Este es un partido de m\u00e1xima dificultad, pero queremos ganar, aunque somos conscientes de que nos van a empujar a nuestros l\u00edmites. Tenemos que ser capaces de superar el reto y<br \/>\njugar un buen partido&#8221;, afirm\u00f3 Lopetegui.<\/p>\n","protected":false},"excerpt":{"rendered":"<p>Su debut podr\u00eda darse solo en caso de una lesi\u00f3n de Iker Casillas u otro imprevisto<\/p>\n","protected":false},"author":20,"featured_media":304764,"comment_status":"open","ping_status":"open","sticky":false,"template":"","format":"standard","meta":[],"categories":[3839,5951],"tags":[4596],"_links":{"self":[{"href":"http:\/\/desarrollo.grupomedios.com\/futbol\/wp-json\/wp\/v2\/posts\/304755"}],"collection":[{"href":"http:\/\/desarrollo.grupomedios.com\/futbol\/wp-json\/wp\/v2\/posts"}],"about":[{"href":"http:\/\/desarrollo.grupomedios.com\/futbol\/wp-json\/wp\/v2\/types\/post"}],"author":[{"embeddable":true,"href":"http:\/\/desarrollo.grupomedios.com\/futbol\/wp-json\/wp\/v2\/users\/20"}],"replies":[{"embeddable":true,"href":"http:\/\/desarrollo.grupomedios.com\/futbol\/wp-json\/wp\/v2\/comments?post=304755"}],"version-history":[{"count":0,"href":"http:\/\/desarrollo.grupomedios.com\/futbol\/wp-json\/wp\/v2\/posts\/304755\/revisions"}],"wp:featuredmedia":[{"embeddable":true,"href":"http:\/\/desarrollo.grupomedios.com\/futbol\/wp-json\/wp\/v2\/media\/304764"}],"wp:attachment":[{"href":"http:\/\/desarrollo.grupomedios.com\/futbol\/wp-json\/wp\/v2\/media?parent=304755"}],"wp:term":[{"taxonomy":"category","embeddable":true,"href":"http:\/\/desarrollo.grupomedios.com\/futbol\/wp-json\/wp\/v2\/categories?post=304755"},{"taxonomy":"post_tag","embeddable":true,"href":"http:\/\/desarrollo.grupomedios.com\/futbol\/wp-json\/wp\/v2\/tags?post=304755"}],"curies":[{"name":"wp","href":"https:\/\/api.w.org\/{rel}","templated":true}]}}