{"id":304815,"date":"2015-08-21T16:02:52","date_gmt":"2015-08-21T21:02:52","guid":{"rendered":"http:\/\/futboltotal.com.mx\/?p=304815"},"modified":"2015-08-21T16:11:29","modified_gmt":"2015-08-21T21:11:29","slug":"agustin-marchesin-podria-salir-de-santos","status":"publish","type":"post","link":"http:\/\/desarrollo.grupomedios.com\/futbol\/futbol-mexicano\/agustin-marchesin-podria-salir-de-santos\/2015\/08","title":{"rendered":"Agust\u00edn Marches\u00edn podr\u00eda salir de Santos"},"content":{"rendered":"<p>El guardameta de <strong><a href=\"http:\/\/www.futboltotal.com.mx\/equipos\/santos\/\" target=\"_blank\">Santos<\/a><\/strong>, <strong>Agust\u00edn Marches\u00edn<\/strong>, tendr\u00eda la posibilidad de salir de la Comarca Lagunera, en caso de que el director t\u00e9cnico, <strong>Pedro Caixinha<\/strong>, encontrara trabajo en Europa en los siguientes meses.<\/p>\n<p>Marches\u00edn tuvo una relaci\u00f3n estrecha con Caixinha, durante el tiempo que el portugu\u00e9s lo dirigi\u00f3, por eso no descarta en irse al club que contrate al estratega, si \u00e9ste se lo propone.<\/p>\n<p>&#8220;El hecho de tener un t\u00e9cnico que me ense\u00f1\u00f3 mucho, de tener un padre en lo futbol\u00edstico ha sido fundamental, aprend\u00ed mucho y eso aport\u00f3 para que hoy se me vea de vuelta en la selecci\u00f3n. Ser\u00eda muy lindo que Pedro me volviera a dirigir, para m\u00ed ser\u00eda muy lindo porque me dio la posibilidad de venir ac\u00e1&#8221;, se\u00f1al\u00f3 Marches\u00edn en conferencia de prensa.<\/p>\n<p>El guardameta argentino tambi\u00e9n comparti\u00f3 que le doli\u00f3 la salida de Caixinha del banquillo de Santos, inclusive, la desilusi\u00f3n por la partida del portugu\u00e9s, tiene desmotivado al cancerbero.\u00a0&#8220;Estoy dolido por su salida, a veces cuesta tomar ganas&#8221;, se\u00f1al\u00f3 <strong>Agust\u00edn Marches\u00edn<\/strong>.<\/p>\n<p><strong>Pedro Caixinha<\/strong> tiene en la mira a Europa para regresar al trabajo como estratega. Marches\u00edn podr\u00eda ser considerado por el t\u00e9cnico si mantiene su buen nivel, y es que, despu\u00e9s de ganar el juego de Campe\u00f3n de Campeones ante Am\u00e9rica en julio pasado, Caixinha dijo que el guardameta ser\u00eda uno de los primeros elementos que se llevar\u00eda, en cuanto regresara al Viejo Continente.<\/p>\n<p>&#8220;Para m\u00ed es el mejor portero con el que he trabajado. Si se me da el sue\u00f1o de regresar un d\u00eda a Europa, \u00e9l es uno al que llevo, es de esos jugadores determinantes&#8221;, se\u00f1al\u00f3 aquella vez Caixinha.<\/p>\n<p>La salida de <strong>Agust\u00edn Marches\u00edn<\/strong> podr\u00eda darse pronto o hasta el siguiente semestre; pero lo evidente es que est\u00e1 m\u00e1s que motivado por volver a trabajar para Pedro Caixinha. Mientras tanto Santos visita este s\u00e1bado 22 de agosto a <em>Rayados<\/em> de Monterrey en el BBVA.<\/p>\n<p>[video_player]https:\/\/player.vimeo.com\/external\/136737796.sd.mp4?s=467df40eee36106047aaa237493fe392&amp;profile_id=112[\/video_player]<\/p>\n","protected":false},"excerpt":{"rendered":"<p>Si Caixinha obtiene empleo en Europa, se llevar\u00eda al cancerbero<\/p>\n","protected":false},"author":20,"featured_media":304843,"comment_status":"open","ping_status":"open","sticky":false,"template":"","format":"standard","meta":[],"categories":[2198,3845,5950],"tags":[6118,5972],"_links":{"self":[{"href":"http:\/\/desarrollo.grupomedios.com\/futbol\/wp-json\/wp\/v2\/posts\/304815"}],"collection":[{"href":"http:\/\/desarrollo.grupomedios.com\/futbol\/wp-json\/wp\/v2\/posts"}],"about":[{"href":"http:\/\/desarrollo.grupomedios.com\/futbol\/wp-json\/wp\/v2\/types\/post"}],"author":[{"embeddable":true,"href":"http:\/\/desarrollo.grupomedios.com\/futbol\/wp-json\/wp\/v2\/users\/20"}],"replies":[{"embeddable":true,"href":"http:\/\/desarrollo.grupomedios.com\/futbol\/wp-json\/wp\/v2\/comments?post=304815"}],"version-history":[{"count":0,"href":"http:\/\/desarrollo.grupomedios.com\/futbol\/wp-json\/wp\/v2\/posts\/304815\/revisions"}],"wp:featuredmedia":[{"embeddable":true,"href":"http:\/\/desarrollo.grupomedios.com\/futbol\/wp-json\/wp\/v2\/media\/304843"}],"wp:attachment":[{"href":"http:\/\/desarrollo.grupomedios.com\/futbol\/wp-json\/wp\/v2\/media?parent=304815"}],"wp:term":[{"taxonomy":"category","embeddable":true,"href":"http:\/\/desarrollo.grupomedios.com\/futbol\/wp-json\/wp\/v2\/categories?post=304815"},{"taxonomy":"post_tag","embeddable":true,"href":"http:\/\/desarrollo.grupomedios.com\/futbol\/wp-json\/wp\/v2\/tags?post=304815"}],"curies":[{"name":"wp","href":"https:\/\/api.w.org\/{rel}","templated":true}]}}