{"id":305049,"date":"2015-08-22T10:51:23","date_gmt":"2015-08-22T15:51:23","guid":{"rendered":"http:\/\/futboltotal.com.mx\/?p=305049"},"modified":"2015-08-22T15:28:07","modified_gmt":"2015-08-22T20:28:07","slug":"los-10-mejores-fichajes-en-la-serie-a","status":"publish","type":"post","link":"http:\/\/desarrollo.grupomedios.com\/futbol\/futbol-internacional\/los-10-mejores-fichajes-en-la-serie-a\/2015\/08","title":{"rendered":"\u00a110 fichajes el\u00e9ctricos de la Serie A!"},"content":{"rendered":"<p>La Serie A abre el tel\u00f3n y el futbol regresa, por fin, dejando a un lado de especulaciones y las compras. Ahora es momento de revisar cu\u00e1les fueron los mejores fichajes y por lo invertido, desde ya cuentan con el estandarte de figuras del equipo.<\/p>\n<p><strong>Edin Dzeko<\/strong> | El delantero bosnio es infalible de cara al arco, su \u00fanico problema en el Manchester City fue que deb\u00eda de disputar un puesto con el Kun Ag\u00fcero. Esa competencia jam\u00e1s la gan\u00f3 (salvo lesiones del argentino) y decidi\u00f3 que era momento de ser el estelar de una instituci\u00f3n aspirante al t\u00edtulo. En Roma esa chance la tiene otorgada, solo resta seguir perforando las redes rivales. 15 millones de euros en transferencia pag\u00f3 el cuadro de la capital.<\/p>\n<p><strong>Stevan Jovetic<\/strong> | Uno m\u00e1s que sufri\u00f3 el talento de Ag\u00fcero en Inglaterra. Escasas oportunidades de mostrar sus destrezas y varias lesiones, las causantes principales de us pocos minutos con los <em>Sky Blues<\/em>. Con el City disput\u00f3 17 partidos y anot\u00f3 en cinco ocasiones. Regresa a la Serie, el certamen en donde deslumbr\u00f3 a placer.<\/p>\n<p><strong>Mario Mandzukic<\/strong> | 20 millones de euros pago la Juventus para cubrir con garant\u00edas la salida de Carlos T\u00e9vez. En una temporada con el Atl\u00e9tico de Madrid, el croata demostr\u00f3 que tiene gol, pero su mayor inconveniente result\u00f3 lo encendido que lleg\u00f3 a\u00a0la entidad colchonera, pues no logr\u00f3 seguir con la cuota elevada de goles con la que inici\u00f3 la temporada y decidieron descartarlo para la presente temporada.<\/p>\n<p><strong>Luiz Adriano<\/strong> | El Milan necesitaba de goles y con el brasile\u00f1o como punta de lanza se asegura unos cuantos de ellos. De grandes temporadas en Ucrania, era el tiempo perfecto para demostrar que no est\u00e1 sobrevalorado. Con los <em>rossoneros<\/em> de capa ca\u00edda tras los \u00faltimos cursos, Luiz Adriano puede ser el motor que devuelva las alegr\u00edas para el cl\u00e1sico equipo italiano.<\/p>\n<p><strong>Miranda<\/strong> | Otro fichaje de \u00e9lite de la Serie A. El defensa central espera repetir las\u00a0actuaciones sobresalientes que comparti\u00f3 en el futbol espa\u00f1ol y llega como una garant\u00eda para la retaguardia del cuadro que dirige Roberto Mancini.<\/p>\n<div id=\"galleryKut\" style=\"display:none;\"><img alt=\"Edin Dzeko a la Roma \" src=\"http:\/\/desarrollo.grupomedios.com\/futbol\/wp-content\/uploads\/2015\/08\/Dzeko-Roma-.jpg\" data-image=\"http:\/\/desarrollo.grupomedios.com\/futbol\/wp-content\/uploads\/2015\/08\/Dzeko-Roma-.jpg\" data-description=\"Dzeko-Roma\"><img alt=\"Stevan Jovetic al Inter\" src=\"http:\/\/desarrollo.grupomedios.com\/futbol\/wp-content\/uploads\/2015\/08\/Jovetic-Inter-.jpg\" data-image=\"http:\/\/desarrollo.grupomedios.com\/futbol\/wp-content\/uploads\/2015\/08\/Jovetic-Inter-.jpg\" data-description=\"Jovetic-Inter\"><img alt=\"Mario Mandzukic a la Juventus \" src=\"http:\/\/desarrollo.grupomedios.com\/futbol\/wp-content\/uploads\/2015\/08\/Mandzukic-Juventus.jpg\" data-image=\"http:\/\/desarrollo.grupomedios.com\/futbol\/wp-content\/uploads\/2015\/08\/Mandzukic-Juventus.jpg\" data-description=\"Mandzukic-Juventus\"><img alt=\"Luiz Adriano al Milan \" src=\"http:\/\/desarrollo.grupomedios.com\/futbol\/wp-content\/uploads\/2015\/08\/Luiz-Adriano-Milan-.jpg\" data-image=\"http:\/\/desarrollo.grupomedios.com\/futbol\/wp-content\/uploads\/2015\/08\/Luiz-Adriano-Milan-.jpg\" data-description=\"Luiz Adriano-Milan\"><img alt=\"Miranda al Inter \" src=\"http:\/\/desarrollo.grupomedios.com\/futbol\/wp-content\/uploads\/2015\/08\/Miranda-Inter-.jpg\" data-image=\"http:\/\/desarrollo.grupomedios.com\/futbol\/wp-content\/uploads\/2015\/08\/Miranda-Inter-.jpg\" data-description=\"Miranda-Inter\"><img alt=\"Paulo Dybala a la Juventus\" src=\"http:\/\/desarrollo.grupomedios.com\/futbol\/wp-content\/uploads\/2015\/08\/Paulo-Dybala-Juventus-.jpg\" data-image=\"http:\/\/desarrollo.grupomedios.com\/futbol\/wp-content\/uploads\/2015\/08\/Paulo-Dybala-Juventus-.jpg\" data-description=\"Paulo Dybala-Juventus\"><img alt=\"Mohamed Salah a la Roma \" src=\"http:\/\/desarrollo.grupomedios.com\/futbol\/wp-content\/uploads\/2015\/08\/Salah-Roma-.jpg\" data-image=\"http:\/\/desarrollo.grupomedios.com\/futbol\/wp-content\/uploads\/2015\/08\/Salah-Roma-.jpg\" data-description=\"Salah-Roma\"><img alt=\"Mattia Destro al Bologna \" src=\"http:\/\/desarrollo.grupomedios.com\/futbol\/wp-content\/uploads\/2015\/08\/Destro-Bologna-.jpg\" data-image=\"http:\/\/desarrollo.grupomedios.com\/futbol\/wp-content\/uploads\/2015\/08\/Destro-Bologna-.jpg\" data-description=\"Destro-Bologna\"><img alt=\"Wojciech Szcz\u0119sny a la Roma\" src=\"http:\/\/desarrollo.grupomedios.com\/futbol\/wp-content\/uploads\/2015\/08\/Schezny-Roma-.jpg\" data-image=\"http:\/\/desarrollo.grupomedios.com\/futbol\/wp-content\/uploads\/2015\/08\/Schezny-Roma-.jpg\" data-description=\"Schezny-Roma\"><img alt=\"16.- Carlos Bacca | Delantero |Del Valencia al AC Milan | 30 MDE.\" src=\"http:\/\/desarrollo.grupomedios.com\/futbol\/wp-content\/uploads\/2015\/08\/Carlos-Bacca-Milan-.jpg\" data-image=\"http:\/\/desarrollo.grupomedios.com\/futbol\/wp-content\/uploads\/2015\/08\/Carlos-Bacca-Milan-.jpg\" data-description=\"Carlos Bacca Milan\"><\/div>\n        <script>\n        \/\/galeria 1\n        jQuery(document).ready(function(){ \n            var api;\n            api = jQuery(\"#galleryKut\").unitegallery({\n                carousel_autoplay: false\n            }); \n        });\n        <\/script>\n        \n<p><strong>Paulo Dybala<\/strong> | 32 millones de euros le colocan una responsabilidad grande, sobre todo, cuando el tetracape\u00f3n de Italia te ve como su gran proyecto a futuro. El delantero cordob\u00e9s tiene recursos de sobra para maravillar a toda la Serie A por la pr\u00f3xima d\u00e9cada.<\/p>\n<p><strong>Mohamed Salah<\/strong> | El egipcio llega como una garant\u00eda de velocidad a la capital italiana. De gran golpeo de bal\u00f3n, solo falta un equipo que conf\u00ede a plenitud en sus destrezas y la Roma parece ser la entidad indicada.<\/p>\n<p><strong>Mattia Destro<\/strong> | El italiano decidi\u00f3 dar un paso al costado luego de los m\u00faltiples refuerzos a la ofensiva con los que se hizo el cuadro de la Capital. El Bologna puso sobre la mesa 9 millones de euros para que se transforme en su delantero estrella.<\/p>\n<p><strong>Wojciech Szcz\u0119sny | <\/strong>La llegada de David Ospina lo puso a temblar. El arribo de Petr Cech lo orill\u00f3 a salir del Arsenal. El guardameta polaco llega cedido a la Roma con la misi\u00f3n de hacer del cuadro de la capital uno de los m\u00e1s eficientes a la defensiva.<\/p>\n<p><strong>Carlos Bacca<\/strong> | Tras brillar un par de temporadas con Sevilla, el colombiano espera repetir la f\u00f3rmula del gol en Italia y as\u00ed rescatar al Milan de sus desgracias. 30 millones de euros pag\u00f3 la entidad italiana para convertirlo en uno de los mejores killers de la Serie A.<\/p>\n<h3 class=\"r\"><\/h3>\n","protected":false},"excerpt":{"rendered":"<p>El campeonato italiano tendr\u00e1 varios rostros nuevos que pretenden deslumbrar<\/p>\n","protected":false},"author":20,"featured_media":305051,"comment_status":"open","ping_status":"open","sticky":false,"template":"","format":"standard","meta":[],"categories":[3839,3848,5951],"tags":[640,5958],"_links":{"self":[{"href":"http:\/\/desarrollo.grupomedios.com\/futbol\/wp-json\/wp\/v2\/posts\/305049"}],"collection":[{"href":"http:\/\/desarrollo.grupomedios.com\/futbol\/wp-json\/wp\/v2\/posts"}],"about":[{"href":"http:\/\/desarrollo.grupomedios.com\/futbol\/wp-json\/wp\/v2\/types\/post"}],"author":[{"embeddable":true,"href":"http:\/\/desarrollo.grupomedios.com\/futbol\/wp-json\/wp\/v2\/users\/20"}],"replies":[{"embeddable":true,"href":"http:\/\/desarrollo.grupomedios.com\/futbol\/wp-json\/wp\/v2\/comments?post=305049"}],"version-history":[{"count":0,"href":"http:\/\/desarrollo.grupomedios.com\/futbol\/wp-json\/wp\/v2\/posts\/305049\/revisions"}],"wp:featuredmedia":[{"embeddable":true,"href":"http:\/\/desarrollo.grupomedios.com\/futbol\/wp-json\/wp\/v2\/media\/305051"}],"wp:attachment":[{"href":"http:\/\/desarrollo.grupomedios.com\/futbol\/wp-json\/wp\/v2\/media?parent=305049"}],"wp:term":[{"taxonomy":"category","embeddable":true,"href":"http:\/\/desarrollo.grupomedios.com\/futbol\/wp-json\/wp\/v2\/categories?post=305049"},{"taxonomy":"post_tag","embeddable":true,"href":"http:\/\/desarrollo.grupomedios.com\/futbol\/wp-json\/wp\/v2\/tags?post=305049"}],"curies":[{"name":"wp","href":"https:\/\/api.w.org\/{rel}","templated":true}]}}