{"id":305559,"date":"2015-08-23T14:37:08","date_gmt":"2015-08-23T19:37:08","guid":{"rendered":"http:\/\/futboltotal.com.mx\/?p=305559"},"modified":"2015-08-23T14:39:09","modified_gmt":"2015-08-23T19:39:09","slug":"usain-bolt-conservo-su-reinado","status":"publish","type":"post","link":"http:\/\/desarrollo.grupomedios.com\/futbol\/no-todo-es-futbol\/usain-bolt-conservo-su-reinado\/2015\/08","title":{"rendered":"Usain Bolt conserv\u00f3 su reinado"},"content":{"rendered":"<p><b>Usain Bolt<\/b> conserv\u00f3 su reinado en los <b>100 metros planos<\/b> del <b>Campeonato Mundial de Atletismo<\/b>. Este domingo, en la final de la prueba desarrollada en <b>Beijing 2015<\/b>, el velocista jamaicano marc\u00f3 su mejor tiempo del a\u00f1o al parar el reloj en 9.79 segundos. Con ello, tambi\u00e9n pulveriz\u00f3 cualquier atisbo de dudas sobre su condici\u00f3n de hombre m\u00e1s r\u00e1pido del planeta.<\/p>\n<p>&#8220;Vine aqu\u00ed para ganar el campeonato. Es una gran sensaci\u00f3n tras un a\u00f1o dif\u00edcil por las lesiones y las dudas de muchos. Fue mi carrera m\u00e1s dif\u00edcil para conservar un t\u00edtulo. Justin corri\u00f3 muy bien todo el a\u00f1o y mi t\u00e9cnico me dijo que subir\u00eda su nivel a\u00fan m\u00e1s en el Mundial. Estoy orgulloso de m\u00ed mismo&#8221;, se\u00f1al\u00f3 <b>Usain Bolt<\/b>, quien venci\u00f3 de manera apurada al estadunidense <b>Justin Gatlin<\/b>, su m\u00e1xima amenaza.<\/p>\n<p>Y en ese contexto, el jamaicano no quiso pronunciarse si el hecho de derrotar a un atleta como <b>Justin Gatlin<\/b>, suspendido dos veces por dopaje y que purg\u00f3 una pena de cinco a\u00f1os, le convert\u00eda en salvador del atletismo limpio.<\/p>\n<p>&#8220;\u00bfSoy el salvador del atletismo? No me corresponde a m\u00ed decirlo. Solo vine aqu\u00ed para agrandar mi leyenda&#8221;, explic\u00f3.<\/p>\n<p><iframe loading=\"lazy\" src=\"https:\/\/www.youtube.com\/embed\/h74ieK9y0JU\" frameborder=\"0\" allowfullscreen=\"allowfullscreen\"><\/iframe><\/p>\n<p><span style=\"color: #ff0000;\"><b>Una cent\u00e9sima de segundo, la diferencia<\/b><\/span> | <b>Usain Bolt<\/b> se impuso con 9.79 segundos, para ganar por tercera vez la prueba de los <b>100 metros planos<\/b>, siendo las anteriores en Berl\u00edn 2009 y Mosc\u00fa 2013, adem\u00e1s de los triunfos en los Juegos Ol\u00edmpicos Beijing 2008 y Londres 2012.<\/p>\n<p>Su victoria fue por apenas una cent\u00e9sima de segundo sobre <b>Justin Gatlin<\/b>, quien registr\u00f3 9.80 segundos, y el tambi\u00e9n representante de Estados Unidos, Trayvon Bromell, qued\u00f3 tercero con 9.92.<\/p>\n<div id=\"attachment_305560\" style=\"width: 819px\" class=\"wp-caption aligncenter\"><a href=\"http:\/\/futboltotal.com.mx\/wp-content\/uploads\/2015\/08\/Usain_Bolt_Mundial_de_Atletismo.jpg\"><img aria-describedby=\"caption-attachment-305560\" decoding=\"async\" loading=\"lazy\" class=\"wp-image-305560 size-full\" src=\"http:\/\/futboltotal.com.mx\/wp-content\/uploads\/2015\/08\/Usain_Bolt_Mundial_de_Atletismo.jpg\" alt=\"Usain_Bolt_Mundial_de_Atletismo\" srcset=\"http:\/\/desarrollo.grupomedios.com\/futbol\/wp-content\/uploads\/2015\/08\/Usain_Bolt_Mundial_de_Atletismo.jpg 809w, http:\/\/desarrollo.grupomedios.com\/futbol\/wp-content\/uploads\/2015\/08\/Usain_Bolt_Mundial_de_Atletismo-300x162.jpg 300w\" sizes=\"(max-width: 809px) 100vw, 809px\" \/><\/a><p id=\"caption-attachment-305560\" class=\"wp-caption-text\">Usain Bolt conserv\u00f3 su reinado en los 100 metros planos del Campeonato Mundial de Atletismo. (Fotos: AFP)<\/p><\/div>\n","protected":false},"excerpt":{"rendered":"<p>El jamaicano gana los 100 metros planos del Mundial de Atletismo<\/p>\n","protected":false},"author":20,"featured_media":305561,"comment_status":"open","ping_status":"open","sticky":false,"template":"","format":"standard","meta":[],"categories":[5419,5418],"tags":[5771,1793],"_links":{"self":[{"href":"http:\/\/desarrollo.grupomedios.com\/futbol\/wp-json\/wp\/v2\/posts\/305559"}],"collection":[{"href":"http:\/\/desarrollo.grupomedios.com\/futbol\/wp-json\/wp\/v2\/posts"}],"about":[{"href":"http:\/\/desarrollo.grupomedios.com\/futbol\/wp-json\/wp\/v2\/types\/post"}],"author":[{"embeddable":true,"href":"http:\/\/desarrollo.grupomedios.com\/futbol\/wp-json\/wp\/v2\/users\/20"}],"replies":[{"embeddable":true,"href":"http:\/\/desarrollo.grupomedios.com\/futbol\/wp-json\/wp\/v2\/comments?post=305559"}],"version-history":[{"count":0,"href":"http:\/\/desarrollo.grupomedios.com\/futbol\/wp-json\/wp\/v2\/posts\/305559\/revisions"}],"wp:featuredmedia":[{"embeddable":true,"href":"http:\/\/desarrollo.grupomedios.com\/futbol\/wp-json\/wp\/v2\/media\/305561"}],"wp:attachment":[{"href":"http:\/\/desarrollo.grupomedios.com\/futbol\/wp-json\/wp\/v2\/media?parent=305559"}],"wp:term":[{"taxonomy":"category","embeddable":true,"href":"http:\/\/desarrollo.grupomedios.com\/futbol\/wp-json\/wp\/v2\/categories?post=305559"},{"taxonomy":"post_tag","embeddable":true,"href":"http:\/\/desarrollo.grupomedios.com\/futbol\/wp-json\/wp\/v2\/tags?post=305559"}],"curies":[{"name":"wp","href":"https:\/\/api.w.org\/{rel}","templated":true}]}}