{"id":305600,"date":"2015-08-23T17:33:15","date_gmt":"2015-08-23T22:33:15","guid":{"rendered":"http:\/\/futboltotal.com.mx\/?p=305600"},"modified":"2015-08-23T17:36:26","modified_gmt":"2015-08-23T22:36:26","slug":"checo-perez-quinto-en-gp-de-belgica","status":"publish","type":"post","link":"http:\/\/desarrollo.grupomedios.com\/futbol\/no-todo-es-futbol\/checo-perez-quinto-en-gp-de-belgica\/2015\/08","title":{"rendered":"Checo P\u00e9rez, quinto en GP de B\u00e9lgica"},"content":{"rendered":"<p><b>Sergio P\u00e9rez<\/b>, quien larg\u00f3 desde la cuarta posici\u00f3n, tuvo una buena carrera este domingo. En su primera mitad, el piloto mexicano luch\u00f3 por el podio, pero en la segunda parte no tuvo ritmo suficiente para mantenerse en la pelea y termin\u00f3 quinto en el <b>Gran Premio de B\u00e9lgica<\/b>.<\/p>\n<p><i>Checo<\/i> <b>P\u00e9rez<\/b> mostr\u00f3 sus cualidades desde la calificaci\u00f3n, donde estuvo entre los m\u00e1s r\u00e1pidos, y este domingo pele\u00f3 por primera vez por la punta ante el brit\u00e1nico Lewis Hamilton, quien se llev\u00f3 la\u00a0victoria en el <b>GP de B\u00e9lgica<\/b>.<\/p>\n<p>Una situaci\u00f3n at\u00edpica para el equipo <b>Force India<\/b>, pero que gracias a la versi\u00f3n B del coche mostraron un progreso importante.\u00a0<b>Sergio P\u00e9rez<\/b>, sac\u00f3 una buena tajada de puntos con el quinto puesto de este domingo, el mejor en la temporada y lleg\u00f3 a 25 puntos que lo tienen ahora en la d\u00e9cimo primera posici\u00f3n.<\/p>\n<p>\u201c\u00a1Lo dimos todo y sacamos el m\u00e1ximo! Seguiremos trabajando para mejorar y continuar con este ritmo. La barba se queda, result\u00f3 buen amuleto\u201d, public\u00f3 <i>Checo<\/i> <b>P\u00e9rez<\/b> en su cuenta de <em>Instagram<\/em> tras la carrera.<\/p>\n<div id=\"attachment_305602\" style=\"width: 610px\" class=\"wp-caption aligncenter\"><a href=\"http:\/\/futboltotal.com.mx\/wp-content\/uploads\/2015\/08\/checo_perez_GP_belgica.jpg\"><img aria-describedby=\"caption-attachment-305602\" decoding=\"async\" loading=\"lazy\" class=\"wp-image-305602\" src=\"http:\/\/futboltotal.com.mx\/wp-content\/uploads\/2015\/08\/checo_perez_GP_belgica.jpg\" alt=\"checo_perez_GP_belgica\" srcset=\"http:\/\/desarrollo.grupomedios.com\/futbol\/wp-content\/uploads\/2015\/08\/checo_perez_GP_belgica.jpg 800w, http:\/\/desarrollo.grupomedios.com\/futbol\/wp-content\/uploads\/2015\/08\/checo_perez_GP_belgica-300x194.jpg 300w\" sizes=\"(max-width: 600px) 100vw, 600px\" \/><\/a><p id=\"caption-attachment-305602\" class=\"wp-caption-text\">Checo P\u00e9rez, quinto en GP de B\u00e9lgica<\/p><\/div>\n<p>Victoria c\u00f3moda -su sexta bandera a cuadros de la temporada- para el brit\u00e1nico <strong>Lewis Hamilton<\/strong>\u00a0en el <strong>Gran Premio de B\u00e9lgica<\/strong>.\u00a0En lo que respecta a Mercedes, hizo de nuevo doblete con sus dos pilotos, Hamilton venci\u00f3 c\u00f3modo esta carrera y el alem\u00e1n Nico Rosberg no tuvo suficiente para meterle presi\u00f3n, pero tampoco sufri\u00f3 con el resto de coches para terminar en el segundo lugar.<\/p>\n<p>Hamilton lleg\u00f3 a 227 unidades y sigue mandando en el mundial, mientras que Rosberg es segundo con 199, tercero es el alem\u00e1n\u00a0Sebastian Vettel, que\u00a0este domingo\u00a0perdi\u00f3 un podio importante y se queda con 160 puntos.<\/p>\n","protected":false},"excerpt":{"rendered":"<p>Lewis Hamilton obtuvo su sexta victoria de la temporada<\/p>\n","protected":false},"author":20,"featured_media":305601,"comment_status":"open","ping_status":"open","sticky":false,"template":"","format":"standard","meta":[],"categories":[5810,5419,5418],"tags":[5480,5771,2140],"_links":{"self":[{"href":"http:\/\/desarrollo.grupomedios.com\/futbol\/wp-json\/wp\/v2\/posts\/305600"}],"collection":[{"href":"http:\/\/desarrollo.grupomedios.com\/futbol\/wp-json\/wp\/v2\/posts"}],"about":[{"href":"http:\/\/desarrollo.grupomedios.com\/futbol\/wp-json\/wp\/v2\/types\/post"}],"author":[{"embeddable":true,"href":"http:\/\/desarrollo.grupomedios.com\/futbol\/wp-json\/wp\/v2\/users\/20"}],"replies":[{"embeddable":true,"href":"http:\/\/desarrollo.grupomedios.com\/futbol\/wp-json\/wp\/v2\/comments?post=305600"}],"version-history":[{"count":0,"href":"http:\/\/desarrollo.grupomedios.com\/futbol\/wp-json\/wp\/v2\/posts\/305600\/revisions"}],"wp:featuredmedia":[{"embeddable":true,"href":"http:\/\/desarrollo.grupomedios.com\/futbol\/wp-json\/wp\/v2\/media\/305601"}],"wp:attachment":[{"href":"http:\/\/desarrollo.grupomedios.com\/futbol\/wp-json\/wp\/v2\/media?parent=305600"}],"wp:term":[{"taxonomy":"category","embeddable":true,"href":"http:\/\/desarrollo.grupomedios.com\/futbol\/wp-json\/wp\/v2\/categories?post=305600"},{"taxonomy":"post_tag","embeddable":true,"href":"http:\/\/desarrollo.grupomedios.com\/futbol\/wp-json\/wp\/v2\/tags?post=305600"}],"curies":[{"name":"wp","href":"https:\/\/api.w.org\/{rel}","templated":true}]}}