{"id":305961,"date":"2015-08-25T10:37:06","date_gmt":"2015-08-25T15:37:06","guid":{"rendered":"http:\/\/futboltotal.com.mx\/?p=305961"},"modified":"2015-08-25T09:24:58","modified_gmt":"2015-08-25T14:24:58","slug":"saprissa-vs-santos-por-el-liderato","status":"publish","type":"post","link":"http:\/\/desarrollo.grupomedios.com\/futbol\/futbol-mexicano\/saprissa-vs-santos-por-el-liderato\/2015\/08","title":{"rendered":"Saprissa vs. Santos | Por el liderato"},"content":{"rendered":"<p>Este martes 25 de agosto, <strong>Saprissa<\/strong> recibe a <strong>Santos<\/strong> en el estadio Ricardo Saprissa de Costa Rica; ambos equipos buscar\u00e1n tomar el liderato absoluto del Grupo A de la <strong>Concacaf Champions League<\/strong>.<\/p>\n<p>Tanto<strong> Saprissa<\/strong> como <strong>Santos<\/strong> vencieron a W Connection FC de Trinidad y Tobago, por marcador de 4-0, por lo que encabezan el primer sector a la par. Los de la <em>Comarca<\/em> abrieron la actividad del sector contra los trinitarios, a quienes vencieron con goles poco ortodoxos; mientras que el cuadro <em>Tico<\/em> tuvo un desempe\u00f1o m\u00e1s estable, en su correspondiente victoria.<\/p>\n<p>Ahora ambos tendr\u00e1n una dif\u00edcil prueba, pues el rival en turno es m\u00e1s serio y dif\u00edcil. Adem\u00e1s, los dos equipos tienen un desempe\u00f1o irregular en sus respectivas ligas y este martes a las 21:00 horas, saldr\u00e1n \u00e1vidos de un buen resultado, que les devuelva la confianza y los encamine a la siguiente ronda de la <strong>Concacaf Champions League.<\/strong><\/p>\n<p><strong>Saprissa<\/strong> ha ganado tres de sus cinco juegos de liga, mientras que Santos solo ha podido salir victorioso en una ocasi\u00f3n, en seis jornadas de la <strong>Liga MX<\/strong>; es decir,<strong>\u00a0<\/strong>\u00a0mientras los centroamericanos son terceros en la primera divisi\u00f3n de su pa\u00eds, los <em>Guerreros<\/em> son coleros del balompi\u00e9 <em>azteca<\/em>.<\/p>\n<p>Adem\u00e1s, Santos estrenar\u00e1 director t\u00e9cnico en la <strong>Concacaf Champions League<\/strong>, pues Pako Ayestar\u00e1n, relevar\u00e1 en el cargo a Pedro Caixinha, quien dimiti\u00f3 del banquillo de los <em>Guerreros<\/em>, a mediados de agosto.<\/p>\n","protected":false},"excerpt":{"rendered":"<p>El cuadro Tico recibe a los Guerreros para disputar la cima del grupo A<\/p>\n","protected":false},"author":20,"featured_media":305964,"comment_status":"open","ping_status":"open","sticky":false,"template":"","format":"standard","meta":[],"categories":[5398,3839,2198],"tags":[1050,3182,5972],"_links":{"self":[{"href":"http:\/\/desarrollo.grupomedios.com\/futbol\/wp-json\/wp\/v2\/posts\/305961"}],"collection":[{"href":"http:\/\/desarrollo.grupomedios.com\/futbol\/wp-json\/wp\/v2\/posts"}],"about":[{"href":"http:\/\/desarrollo.grupomedios.com\/futbol\/wp-json\/wp\/v2\/types\/post"}],"author":[{"embeddable":true,"href":"http:\/\/desarrollo.grupomedios.com\/futbol\/wp-json\/wp\/v2\/users\/20"}],"replies":[{"embeddable":true,"href":"http:\/\/desarrollo.grupomedios.com\/futbol\/wp-json\/wp\/v2\/comments?post=305961"}],"version-history":[{"count":0,"href":"http:\/\/desarrollo.grupomedios.com\/futbol\/wp-json\/wp\/v2\/posts\/305961\/revisions"}],"wp:featuredmedia":[{"embeddable":true,"href":"http:\/\/desarrollo.grupomedios.com\/futbol\/wp-json\/wp\/v2\/media\/305964"}],"wp:attachment":[{"href":"http:\/\/desarrollo.grupomedios.com\/futbol\/wp-json\/wp\/v2\/media?parent=305961"}],"wp:term":[{"taxonomy":"category","embeddable":true,"href":"http:\/\/desarrollo.grupomedios.com\/futbol\/wp-json\/wp\/v2\/categories?post=305961"},{"taxonomy":"post_tag","embeddable":true,"href":"http:\/\/desarrollo.grupomedios.com\/futbol\/wp-json\/wp\/v2\/tags?post=305961"}],"curies":[{"name":"wp","href":"https:\/\/api.w.org\/{rel}","templated":true}]}}