{"id":305975,"date":"2015-08-25T09:24:56","date_gmt":"2015-08-25T14:24:56","guid":{"rendered":"http:\/\/futboltotal.com.mx\/?p=305975"},"modified":"2015-08-25T10:19:32","modified_gmt":"2015-08-25T15:19:32","slug":"mario-balotelli-regresa-al-milan","status":"publish","type":"post","link":"http:\/\/desarrollo.grupomedios.com\/futbol\/futbol-internacional\/mario-balotelli-regresa-al-milan\/2015\/08","title":{"rendered":"Mario Balotelli regresa al Milan"},"content":{"rendered":"<p>Este martes se confirm\u00f3 el regreso del delantero italiano <strong>Mario Balotelli<\/strong> al <strong>AC Milan<\/strong>. &#8220;Estoy feliz de estar de vuelta. Llevo a este club en mi coraz\u00f3n y siempre esper\u00e9 volver&#8221;, declar\u00f3 el <em>Nene<\/em>, quien regresa al equipo que lo ech\u00f3 en agosto de 2014.<\/p>\n<p>Hace un a\u00f1o, el <strong>Mil\u00e1n<\/strong> cedi\u00f3 al <em>S\u00faper Mario<\/em> al <strong>Liverpool<\/strong>, escuadra con la que disput\u00f3 \u00fanicamente 28 partidos (en todas las competiciones) y marc\u00f3 cuatro goles en la temporada pasada.<\/p>\n<p><strong>Mario Balotelli<\/strong> disput\u00f3 su \u00faltimo partido el 28 de abril. No viaj\u00f3 a la gira asi\u00e1tica de verano con el club ingl\u00e9s y lleva entren\u00e1ndose en solitario un mes y medio. Su condici\u00f3n f\u00edsica es, seg\u00fan apuntan medios en Italia, una inc\u00f3gnita.<\/p>\n<p>A sus 25 a\u00f1os, <strong>Mario Balotelli<\/strong> tiene la en\u00e9sima oportunidad de rescatar y no truncar su carrera futbol\u00edstica. Y es que a\u00fan se espera que el <em>Nene<\/em> sea la gran estrella del futbol italiano luego de tres a\u00f1os deambulando por Europa: un pol\u00e9mico final en el Manchester City, un paso por Mil\u00e1n m\u00e1s o menos aceptable y una temporada desastrosa en el Liverpool.<\/p>\n<p><span style=\"color: #ff0000;\">\u00bfCambiar\u00e1 la historia?<\/span> | \u201cNo tiene ganas de trabajar, ni de correr, ni de estar en el grupo. Es un maleducado y luego llora y se hace la v\u00edctima\u201d, dec\u00eda hace un a\u00f1o un miembro del cuerpo t\u00e9cnico de Filippo Inzaghi, en aquel momento t\u00e9cnico del <strong>Milan<\/strong>, sobre la actitud de <strong>Mario Balotelli<\/strong>.<\/p>\n<p>Hoy, el <em>Nene<\/em> est\u00e1 de vuelta en el cuadro <em>rossonero<\/em>. \u00bfCambiar\u00e1 la historia?<\/p>\n<p>[video_player]https:\/\/player.vimeo.com\/external\/136947017.hd.mp4?s=2f6a09464f3f4b0284b3adfcd4cb60b3&#038;profile_id=113[\/video_player]<\/p>\n","protected":false},"excerpt":{"rendered":"<p>El equipo rossonero ech\u00f3 al delantero italiano en 2014<\/p>\n","protected":false},"author":20,"featured_media":305978,"comment_status":"open","ping_status":"open","sticky":false,"template":"","format":"standard","meta":[],"categories":[3839,3848],"tags":[6002,242],"_links":{"self":[{"href":"http:\/\/desarrollo.grupomedios.com\/futbol\/wp-json\/wp\/v2\/posts\/305975"}],"collection":[{"href":"http:\/\/desarrollo.grupomedios.com\/futbol\/wp-json\/wp\/v2\/posts"}],"about":[{"href":"http:\/\/desarrollo.grupomedios.com\/futbol\/wp-json\/wp\/v2\/types\/post"}],"author":[{"embeddable":true,"href":"http:\/\/desarrollo.grupomedios.com\/futbol\/wp-json\/wp\/v2\/users\/20"}],"replies":[{"embeddable":true,"href":"http:\/\/desarrollo.grupomedios.com\/futbol\/wp-json\/wp\/v2\/comments?post=305975"}],"version-history":[{"count":0,"href":"http:\/\/desarrollo.grupomedios.com\/futbol\/wp-json\/wp\/v2\/posts\/305975\/revisions"}],"wp:featuredmedia":[{"embeddable":true,"href":"http:\/\/desarrollo.grupomedios.com\/futbol\/wp-json\/wp\/v2\/media\/305978"}],"wp:attachment":[{"href":"http:\/\/desarrollo.grupomedios.com\/futbol\/wp-json\/wp\/v2\/media?parent=305975"}],"wp:term":[{"taxonomy":"category","embeddable":true,"href":"http:\/\/desarrollo.grupomedios.com\/futbol\/wp-json\/wp\/v2\/categories?post=305975"},{"taxonomy":"post_tag","embeddable":true,"href":"http:\/\/desarrollo.grupomedios.com\/futbol\/wp-json\/wp\/v2\/tags?post=305975"}],"curies":[{"name":"wp","href":"https:\/\/api.w.org\/{rel}","templated":true}]}}