{"id":305988,"date":"2015-08-31T15:30:05","date_gmt":"2015-08-31T20:30:05","guid":{"rendered":"http:\/\/futboltotal.com.mx\/?p=305988"},"modified":"2015-08-31T19:03:57","modified_gmt":"2015-09-01T00:03:57","slug":"en-vivo-mercado-de-fichajes","status":"publish","type":"post","link":"http:\/\/desarrollo.grupomedios.com\/futbol\/futbol-internacional\/en-vivo-mercado-de-fichajes\/2015\/08","title":{"rendered":"EN VIVO | Mercado de Fichajes"},"content":{"rendered":"<p>El <strong>mercado de fichajes en Europa<\/strong> est\u00e1 a todo vapor. Por delante queda unas horas en la que los traspasos definitivos y cesiones se dar\u00e1n a contrarreloj. La fecha l\u00edmite ser\u00e1 el 31 de agosto en Espa\u00f1a, Italia y Francia, mientras el 1 de septiembre ser\u00e1 el cierre en Inglaterra.<\/p>\n<p>Sigue en\u00a0<strong>Futbol Total, <\/strong>la bit\u00e1cora con los movimientos oficiales y posibles contrataciones de los clubes m\u00e1s destacados en el <em>Viejo Continente.<\/em><\/p>\n<p style=\"text-align: left;\"><span style=\"color: #ff0000;\">Lunes 31 de agosto<\/span><\/p>\n<p style=\"text-align: left;\">Se acab\u00f3 el mercado en Espa\u00f1a, Alemania, Francia, Italia y Holanda. No hubo fichajes bomba&#8230; salv\u00f3 para los mexicanos:<strong> <a href=\"http:\/\/futboltotal.com.mx\/2015\/08\/oficial-chicharito-nuevo-jugador-del-leverkusen\/\">Chicharito lleg\u00f3 al Leverkusen<\/a><\/strong>,<strong> <a href=\"http:\/\/futboltotal.com.mx\/2015\/08\/cuatro-mexicanos-en-el-porto\/\">Tecatito Corona<\/a><\/strong><a href=\"http:\/\/futboltotal.com.mx\/2015\/08\/cuatro-mexicanos-en-el-porto\/\"> y<\/a><strong><a href=\"http:\/\/futboltotal.com.mx\/2015\/08\/cuatro-mexicanos-en-el-porto\/\"> Miguel Lay\u00fan<\/a><\/strong><a href=\"http:\/\/futboltotal.com.mx\/2015\/08\/cuatro-mexicanos-en-el-porto\/\"> al<\/a><strong><a href=\"http:\/\/futboltotal.com.mx\/2015\/08\/cuatro-mexicanos-en-el-porto\/\"> Porto<\/a><\/strong>.<\/p>\n<p style=\"text-align: left;\">Adem\u00e1s, destac\u00f3 el pase r\u00e9cord de Anthony Martial al Manchester United. Ma\u00f1ana es el \u00faltimo d\u00eda para fuchar en Inglaterra, mientras en Portugal faltan tres semanas para el cerrojazo. Seguimos pendientes de cualquier movimiento de \u00faltima hora&#8230;<\/p>\n<p style=\"text-align: left;\"><strong>\u00daltima hora:<\/strong> <a href=\"http:\/\/futboltotal.com.mx\/2015\/08\/david-de-gea-no-sera-jugador-del-real-madrid\/\">El Real Madrid no logra cerrar el traspaso de David de Gea con el Manchester United<\/a>. El club de Old Trafford no envi\u00f3 los papeles a tiempo a la LFP, seg\u00fan informa el diario<em> Marca. <\/em>Por tanto, su fichaje se cae y como extra, el portero Keylor Navas tampoco se va con los<em> Red Devils<\/em>.<\/p>\n<p style=\"text-align: left;\"><a href=\"http:\/\/futboltotal.com.mx\/wp-content\/uploads\/2015\/08\/Manchester-United.jpg\"><img decoding=\"async\" loading=\"lazy\" class=\"alignnone size-full wp-image-308166\" src=\"http:\/\/futboltotal.com.mx\/wp-content\/uploads\/2015\/08\/Manchester-United.jpg\" alt=\"Manchester-United\" srcset=\"http:\/\/desarrollo.grupomedios.com\/futbol\/wp-content\/uploads\/2015\/08\/Manchester-United.jpg 850w, http:\/\/desarrollo.grupomedios.com\/futbol\/wp-content\/uploads\/2015\/08\/Manchester-United-300x194.jpg 300w\" sizes=\"(max-width: 850px) 100vw, 850px\" \/><\/a><\/p>\n<p style=\"text-align: left;\"><strong>OFICIAL:<\/strong> El Inter vuelve a pescar de emergencia y lo hace en el Galatasaray. Se lleva al centrocampista Felipe Melo por una temporada con opci\u00f3n a compra.<\/p>\n<blockquote class=\"twitter-tweet\" lang=\"es\">\n<p dir=\"ltr\" lang=\"it\">.<a href=\"https:\/\/twitter.com\/_felipemelo_\">@_felipemelo_<\/a> \u00e8 dell&#8217;<a href=\"https:\/\/twitter.com\/hashtag\/Inter?src=hash\">#Inter<\/a>! <a href=\"http:\/\/t.co\/UoseFYtYj1\">http:\/\/t.co\/UoseFYtYj1<\/a> <a href=\"https:\/\/twitter.com\/hashtag\/WelcomeMelo?src=hash\">#WelcomeMelo<\/a> <a href=\"https:\/\/twitter.com\/hashtag\/FCIM?src=hash\">#FCIM<\/a> <a href=\"http:\/\/t.co\/Z0qN84y8kS\">pic.twitter.com\/Z0qN84y8kS<\/a><\/p>\n<p>\u2014 F.C. Internazionale (@Inter) <a href=\"https:\/\/twitter.com\/Inter\/status\/638459945747382273\">agosto 31, 2015<\/a><\/p><\/blockquote>\n<p><script src=\"\/\/platform.twitter.com\/widgets.js\" async=\"\" charset=\"utf-8\"><\/script><strong>OFICIAL:<\/strong> El <strong>Porto<\/strong> consigue fichaje de \u00faltima hora con el atacante mexicano <strong>Tecatito Corona<\/strong>, fichado por cinco temporadas y blindado por 50 millones de euros. <\/p>\n<blockquote class=\"twitter-tweet\" lang=\"es\"><p>Jes\u00fas Corona naar <a href=\"https:\/\/twitter.com\/FCPorto\">@FCPorto<\/a>. Hij tekent een vijfjarig contract bij de topclub uit Portugal <a href=\"https:\/\/twitter.com\/hashtag\/FCTwente?src=hash\">#FCTwente<\/a> <a href=\"http:\/\/t.co\/dbn9UwbmFM\">pic.twitter.com\/dbn9UwbmFM<\/a> \u2014 FC Twente (@fctwente) <a href=\"https:\/\/twitter.com\/fctwente\/status\/638434100072857601\">agosto 31, 2015<\/a><\/p><\/blockquote>\n<p><script src=\"\/\/platform.twitter.com\/widgets.js\" async=\"\" charset=\"utf-8\"><\/script><strong>OFICIAL:<\/strong>\u00a0 Inter de Mil\u00e1n consigue la cesi\u00f3n de Adem Ljajic, atacante serbio, de 23 a\u00f1os, procedente de la Roma.<\/p>\n<blockquote class=\"twitter-tweet\" lang=\"es\"><p>Adem <a href=\"https:\/\/twitter.com\/hashtag\/Ljaji%C4%87?src=hash\">#Ljaji\u0107<\/a> \u00e8 nerazzurro! Niente \u00e8 come esserci <a href=\"http:\/\/t.co\/c4r7r6Mvgv\">http:\/\/t.co\/c4r7r6Mvgv<\/a> <a href=\"https:\/\/twitter.com\/hashtag\/WelcomeLjajic?src=hash\">#WelcomeLjajic<\/a> <a href=\"https:\/\/twitter.com\/hashtag\/FCIM?src=hash\">#FCIM<\/a> <a href=\"http:\/\/t.co\/hORbXYQhg1\">pic.twitter.com\/hORbXYQhg1<\/a> \u2014 F.C. Internazionale (@Inter) <a href=\"https:\/\/twitter.com\/Inter\/status\/638456564379197440\">agosto 31, 2015<\/a><\/p><\/blockquote>\n<p><script src=\"\/\/platform.twitter.com\/widgets.js\" async=\"\" charset=\"utf-8\"><\/script><strong>OFICIAL:<\/strong>\u00a0 El Manchester United deja ir al portero Anders Lindergaard y se abre al brecha para la llegada de Keylor Navas. <\/p>\n<blockquote class=\"twitter-tweet\" lang=\"es\"><p>Best of luck to Anders Lindegaard, who has completed a move to West Brom. He played 29 times for <a href=\"https:\/\/twitter.com\/hashtag\/mufc?src=hash\">#mufc<\/a>. <a href=\"http:\/\/t.co\/wC6wAierZ7\">pic.twitter.com\/wC6wAierZ7<\/a> \u2014 Manchester United (@ManUtd) <a href=\"https:\/\/twitter.com\/ManUtd\/status\/638409493269880836\">agosto 31, 2015<\/a><\/p><\/blockquote>\n<p><script src=\"\/\/platform.twitter.com\/widgets.js\" async=\"\" charset=\"utf-8\"><\/script><strong>OFICIAL:<\/strong>\u00a0<strong>Lucas Piaz\u00f3n\u00a0<\/strong>deja al Chelsea y jugar\u00e1 a pr\u00e9stamo un a\u00f1o con el <strong>Reading. <\/strong><\/p>\n<blockquote class=\"twitter-tweet\" lang=\"es\"><p>Lucas Piazon has today joined Reading on a season-long loan&#8230; <a href=\"http:\/\/t.co\/Uy7c61zTeL\">http:\/\/t.co\/Uy7c61zTeL<\/a> <a href=\"http:\/\/t.co\/GBX1CPLBh2\">pic.twitter.com\/GBX1CPLBh2<\/a> \u2014 Chelsea FC (@ChelseaFC) <a href=\"https:\/\/twitter.com\/ChelseaFC\/status\/638419289117212672\">agosto 31, 2015<\/a><\/p><\/blockquote>\n<p><script src=\"\/\/platform.twitter.com\/widgets.js\" async=\"\" charset=\"utf-8\"><\/script><strong>OFICIAL: <\/strong>El defensa Marco Andreolli, de 29 a\u00f1os, llega cedido por un a\u00f1o al Sevilla. <\/p>\n<blockquote class=\"twitter-tweet\" lang=\"es\"><p>Marco Andreolli, refuerzo para el centro de la defensa <a href=\"http:\/\/t.co\/QdwCnvphPN\">http:\/\/t.co\/QdwCnvphPN<\/a> <a href=\"https:\/\/twitter.com\/hashtag\/SevillaFC?src=hash\">#SevillaFC<\/a> <a href=\"http:\/\/t.co\/ph3ZaeKZkK\">pic.twitter.com\/ph3ZaeKZkK<\/a> \u2014 Sevilla F\u00fatbol Club (@SevillaFC) <a href=\"https:\/\/twitter.com\/SevillaFC\/status\/638430841174102017\">agosto 31, 2015<\/a><\/p><\/blockquote>\n<p><script src=\"\/\/platform.twitter.com\/widgets.js\" async=\"\" charset=\"utf-8\"><\/script><strong>OFICIAL: Juventus<\/strong> cierra de \u00faltima hora el fichaje de <strong>Hernanes <\/strong>tras pagar 11 millones de euros al N\u00e1poles.<\/p>\n<blockquote class=\"twitter-tweet\" lang=\"es\"><p>.<a href=\"https:\/\/twitter.com\/hernanes\">@hernanes<\/a> \u00e8 a Torino dove ha iniziato le visite mediche. <a href=\"http:\/\/t.co\/BSVoECu8wO\">pic.twitter.com\/BSVoECu8wO<\/a> \u2014 JuventusFC (@juventusfc) <a href=\"https:\/\/twitter.com\/juventusfc\/status\/638443060314140672\">agosto 31, 2015<\/a><\/p><\/blockquote>\n<p><script src=\"\/\/platform.twitter.com\/widgets.js\" async=\"\" charset=\"utf-8\"><\/script><strong>OFICIAL:<\/strong> El Bayern Leverkusen concreta la cesi\u00f3n por un a\u00f1o del mediapunta Roobie Kruse, quien reforzar\u00e1 al Stuttgart. <\/p>\n<blockquote class=\"twitter-tweet\" lang=\"es\"><p>Robbie <a href=\"https:\/\/twitter.com\/hashtag\/Kruse?src=hash\">#Kruse<\/a> kommt von <a href=\"https:\/\/twitter.com\/bayer04fussball\">@bayer04fussball<\/a>, tr\u00e4gt ab sofort den Brustring. Willkommen beim <a href=\"https:\/\/twitter.com\/hashtag\/VfB?src=hash\">#VfB<\/a>! <a href=\"http:\/\/t.co\/AcCYYOVdqI\">http:\/\/t.co\/AcCYYOVdqI<\/a> <a href=\"http:\/\/t.co\/EpmOTeo3wf\">pic.twitter.com\/EpmOTeo3wf<\/a> \u2014 VfB Stuttgart (@VfB) <a href=\"https:\/\/twitter.com\/VfB\/status\/638385943624421376\">agosto 31, 2015<\/a><\/p><\/blockquote>\n<p><script src=\"\/\/platform.twitter.com\/widgets.js\" async=\"\" charset=\"utf-8\"><\/script><strong>OFICIAL:<\/strong> El polaco Jakub Blaszczykowski es nuevo jugador de la Fiorentina y llega por un a\u00f1o en calidad de pr\u00e9stamo.<\/p>\n<p><a href=\"http:\/\/futboltotal.com.mx\/wp-content\/uploads\/2015\/08\/BVB1.jpg\"><img decoding=\"async\" loading=\"lazy\" class=\"alignnone size-full wp-image-308062\" src=\"http:\/\/futboltotal.com.mx\/wp-content\/uploads\/2015\/08\/BVB1.jpg\" alt=\"BVB\" srcset=\"http:\/\/desarrollo.grupomedios.com\/futbol\/wp-content\/uploads\/2015\/08\/BVB1.jpg 820w, http:\/\/desarrollo.grupomedios.com\/futbol\/wp-content\/uploads\/2015\/08\/BVB1-300x201.jpg 300w\" sizes=\"(max-width: 820px) 100vw, 820px\" \/><\/a><\/p>\n<p>El portero costarricense Keylor Navas est\u00e1 pr\u00f3ximo a cerrar su cesi\u00f3n con el Manchester United. El diario <em>La Naci\u00f3n<\/em> afirma que la llegada de De Gea al Real Madrid termin\u00f3 por mandarlo a Old Trafford.<\/p>\n<p><a href=\"http:\/\/futboltotal.com.mx\/wp-content\/uploads\/2015\/07\/Keylor-Navas-res-seducido-por-la-Roma-.jpg\"><img decoding=\"async\" loading=\"lazy\" class=\"alignnone size-full wp-image-292381\" src=\"http:\/\/futboltotal.com.mx\/wp-content\/uploads\/2015\/07\/Keylor-Navas-res-seducido-por-la-Roma-.jpg\" alt=\"Keylor Navas res seducido por la Roma\" srcset=\"http:\/\/desarrollo.grupomedios.com\/futbol\/wp-content\/uploads\/2015\/07\/Keylor-Navas-res-seducido-por-la-Roma-.jpg 821w, http:\/\/desarrollo.grupomedios.com\/futbol\/wp-content\/uploads\/2015\/07\/Keylor-Navas-res-seducido-por-la-Roma--300x201.jpg 300w\" sizes=\"(max-width: 821px) 100vw, 821px\" \/><\/a><\/p>\n<p><strong>OFICIAL:<\/strong><a href=\"http:\/\/futboltotal.com.mx\/2015\/08\/oficial-manchester-united-ficha-a-anthony-martial\/\"> Manchester United tiene fichaje r\u00e9cord<\/a> y es nada menos que el franc\u00e9s, de 19 a\u00f1os, Anthony Martial, quien llega procedente del M\u00f3naco y firma por cinco temporadas.<\/p>\n<p><a href=\"http:\/\/futboltotal.com.mx\/wp-content\/uploads\/2015\/08\/Martial-United.jpg\"><img decoding=\"async\" loading=\"lazy\" class=\"alignnone size-full wp-image-308035\" src=\"http:\/\/futboltotal.com.mx\/wp-content\/uploads\/2015\/08\/Martial-United.jpg\" alt=\"Martial-United\" srcset=\"http:\/\/desarrollo.grupomedios.com\/futbol\/wp-content\/uploads\/2015\/08\/Martial-United.jpg 820w, http:\/\/desarrollo.grupomedios.com\/futbol\/wp-content\/uploads\/2015\/08\/Martial-United-300x201.jpg 300w\" sizes=\"(max-width: 820px) 100vw, 820px\" \/><\/a><\/p>\n<p><strong>OFICIAL: <\/strong>El central brasile\u00f1o Dante deja al Bayern M\u00fanich y ficha con el Wofsburgo.<\/p>\n<blockquote class=\"twitter-tweet\" lang=\"es\"><p>.<a href=\"https:\/\/twitter.com\/dante_bonfim\">@dante_bonfim<\/a> wechselt zum VfL und erh\u00e4lt einen Vertrag bis 2018. <a href=\"https:\/\/t.co\/7WofKsQz1a\">https:\/\/t.co\/7WofKsQz1a<\/a> <a href=\"http:\/\/t.co\/cZ1nlg6i9H\">pic.twitter.com\/cZ1nlg6i9H<\/a> \u2014 VfL_Wolfsburg (@VfL_Wolfsburg) <a href=\"https:\/\/twitter.com\/VfL_Wolfsburg\/status\/638371791623294980\">agosto 31, 2015<\/a><\/p><\/blockquote>\n<p><script src=\"\/\/platform.twitter.com\/widgets.js\" async=\"\" charset=\"utf-8\"><\/script><strong>OFICIAL:<\/strong> El Borussia Dortmund consigue la cesi\u00f3n por una temporada, sin opci\u00f3n a compra, de Adnan Januzaj. <\/p>\n<blockquote class=\"twitter-tweet\" lang=\"es\"><p>Pleased to sign for Dortmund ? ! Looking forward to new season ?\u26bd\ufe0f <a href=\"http:\/\/t.co\/dhEOhz45i5\">pic.twitter.com\/dhEOhz45i5<\/a> \u2014 Adnan Januzaj (@adnanjanuzaj) <a href=\"https:\/\/twitter.com\/adnanjanuzaj\/status\/638375601389314048\">agosto 31, 2015<\/a><\/p><\/blockquote>\n<p><script src=\"\/\/platform.twitter.com\/widgets.js\" async=\"\" charset=\"utf-8\"><\/script>El Barcelona negocia una nueva cesi\u00f3n con el West Ham por el mediocampista Alex Song. El camerun\u00e9s ya present\u00f3 pruebas m\u00e9dicas y se har\u00e1 oficial el acuerdo este lunes.<\/p>\n<p><a href=\"http:\/\/futboltotal.com.mx\/wp-content\/uploads\/2015\/08\/Alex-Song.jpg\"><img decoding=\"async\" loading=\"lazy\" class=\"alignnone size-full wp-image-308006\" src=\"http:\/\/futboltotal.com.mx\/wp-content\/uploads\/2015\/08\/Alex-Song.jpg\" alt=\"Alex-Song\" srcset=\"http:\/\/desarrollo.grupomedios.com\/futbol\/wp-content\/uploads\/2015\/08\/Alex-Song.jpg 820w, http:\/\/desarrollo.grupomedios.com\/futbol\/wp-content\/uploads\/2015\/08\/Alex-Song-300x201.jpg 300w\" sizes=\"(max-width: 820px) 100vw, 820px\" \/><\/a><\/p>\n<p>Despu\u00e9s de no concretar su pae al Besiktas, el portero V\u00edctor Vald\u00e9s podr\u00eda ir al <strong>Olympique de Marsella<\/strong>, donde el indiscutible es Steve Mandanda y el recambio es Yohan Pel\u00e9.<\/p>\n<p><a href=\"http:\/\/futboltotal.com.mx\/wp-content\/uploads\/2015\/08\/Valdes3.jpg\"><img decoding=\"async\" loading=\"lazy\" class=\"alignnone size-full wp-image-308002\" src=\"http:\/\/futboltotal.com.mx\/wp-content\/uploads\/2015\/08\/Valdes3.jpg\" alt=\"Valdes\" srcset=\"http:\/\/desarrollo.grupomedios.com\/futbol\/wp-content\/uploads\/2015\/08\/Valdes3.jpg 820w, http:\/\/desarrollo.grupomedios.com\/futbol\/wp-content\/uploads\/2015\/08\/Valdes3-300x201.jpg 300w\" sizes=\"(max-width: 820px) 100vw, 820px\" \/><\/a><\/p>\n<p><strong>Chicharito Hern\u00e1ndez<\/strong> ya super\u00f3 pruebas m\u00e9dicas y est\u00e1 pr\u00f3ximo a convertirse en fichaje estelar del Bayer Leverkusen.<\/p>\n<p><a href=\"http:\/\/futboltotal.com.mx\/wp-content\/uploads\/2015\/08\/Chicharito11.jpg\"><img decoding=\"async\" loading=\"lazy\" class=\"alignnone size-full wp-image-307975\" src=\"http:\/\/futboltotal.com.mx\/wp-content\/uploads\/2015\/08\/Chicharito11.jpg\" alt=\"Chicharito\" srcset=\"http:\/\/desarrollo.grupomedios.com\/futbol\/wp-content\/uploads\/2015\/08\/Chicharito11.jpg 820w, http:\/\/desarrollo.grupomedios.com\/futbol\/wp-content\/uploads\/2015\/08\/Chicharito11-300x201.jpg 300w\" sizes=\"(max-width: 820px) 100vw, 820px\" \/><\/a><\/p>\n<p><strong>OFICIAL:<\/strong> Wolfsburgo ficha a Julian Draxler, mediocampista del Schalke. Firma por cinco a\u00f1os a cambio de 36 millones de euros.<\/p>\n<p><a href=\"http:\/\/futboltotal.com.mx\/wp-content\/uploads\/2015\/08\/Draxler.jpg\"><img decoding=\"async\" loading=\"lazy\" class=\"alignnone size-full wp-image-307985\" src=\"http:\/\/futboltotal.com.mx\/wp-content\/uploads\/2015\/08\/Draxler.jpg\" alt=\"Draxler\" srcset=\"http:\/\/desarrollo.grupomedios.com\/futbol\/wp-content\/uploads\/2015\/08\/Draxler.jpg 820w, http:\/\/desarrollo.grupomedios.com\/futbol\/wp-content\/uploads\/2015\/08\/Draxler-300x201.jpg 300w\" sizes=\"(max-width: 820px) 100vw, 820px\" \/><\/a><\/p>\n<p><strong>OFICIAL:<\/strong> Athletico de Bilbao ficha al mediocampista Raul Garc\u00eda por cinco temporadas y lo blinda por 40 millones de euros.<\/p>\n<blockquote class=\"twitter-tweet\" lang=\"es\"><p>Bienvenido al Athletic Club, Ra\u00fal Garc\u00eda. <a href=\"http:\/\/t.co\/EsdPxqGTNp\">pic.twitter.com\/EsdPxqGTNp<\/a> \u2014 Athletic Club (@AthleticClub) <a href=\"https:\/\/twitter.com\/AthleticClub\/status\/638311151512735744\">agosto 31, 2015<\/a><\/p><\/blockquote>\n<p>El M\u00e1laga apuesta por la perla del AC Mil\u00e1n, Hachim Mastour, de 17 a\u00f1os, y consigue su cesi\u00f3n por dos temporadas y hay una opci\u00f3n de compra por la modesta cifra de 5 millones de euros.<\/p>\n<p><a href=\"http:\/\/futboltotal.com.mx\/wp-content\/uploads\/2015\/08\/Milan.jpg\"><img decoding=\"async\" loading=\"lazy\" class=\"alignnone size-full wp-image-307987\" src=\"http:\/\/futboltotal.com.mx\/wp-content\/uploads\/2015\/08\/Milan.jpg\" alt=\"Milan\" srcset=\"http:\/\/desarrollo.grupomedios.com\/futbol\/wp-content\/uploads\/2015\/08\/Milan.jpg 820w, http:\/\/desarrollo.grupomedios.com\/futbol\/wp-content\/uploads\/2015\/08\/Milan-300x201.jpg 300w\" sizes=\"(max-width: 820px) 100vw, 820px\" \/><\/a><\/p>\n<p><strong>OFICIAL:<\/strong> Valencia encuentra al reemplazo de Otamendi en el M\u00f3naco. Ficha por cinco temporadas a Aymenn Abdenour, de 26 a\u00f1os.<\/p>\n<p><a href=\"http:\/\/futboltotal.com.mx\/wp-content\/uploads\/2015\/08\/Abdenour.jpg\"><img decoding=\"async\" loading=\"lazy\" class=\"alignnone size-full wp-image-307990\" src=\"http:\/\/futboltotal.com.mx\/wp-content\/uploads\/2015\/08\/Abdenour.jpg\" alt=\"Abdenour\" srcset=\"http:\/\/desarrollo.grupomedios.com\/futbol\/wp-content\/uploads\/2015\/08\/Abdenour.jpg 820w, http:\/\/desarrollo.grupomedios.com\/futbol\/wp-content\/uploads\/2015\/08\/Abdenour-300x201.jpg 300w\" sizes=\"(max-width: 820px) 100vw, 820px\" \/><\/a><\/p>\n<p>El Real Madrid se juega su \u00faltima carta y agentes del club <em>blanco<\/em> est\u00e1n en Manchester para negociar el traspaso del portero espa\u00f1ol <strong>David de Gea.<\/strong><\/p>\n<p><a href=\"http:\/\/futboltotal.com.mx\/wp-content\/uploads\/2015\/08\/David-de-Gea-e1439053952293.jpg\"><img decoding=\"async\" loading=\"lazy\" class=\"alignnone size-full wp-image-300303\" src=\"http:\/\/futboltotal.com.mx\/wp-content\/uploads\/2015\/08\/David-de-Gea-e1439053952293.jpg\" alt=\"David de Gea\" \/><\/a><\/p>\n<p><span style=\"color: #ff0000;\">Domingo 30 de agosto<\/span> <a href=\"http:\/\/futboltotal.com.mx\/2015\/08\/miguel-layun-a-un-paso-del-porto\/\">El mexicano Miguel Lay\u00fan est\u00e1 cerca de llegar al Porto,<\/a> entidad que busca un lateral izquierdo. Los <em>Dragones<\/em> tambi\u00e9n tienen como opci\u00f3n a Guilherme Siqueira, del Atl\u00e9tico, pero este tambi\u00e9n interesa al Benfica.\u00a0<a href=\"http:\/\/futboltotal.com.mx\/wp-content\/uploads\/2015\/08\/Layun-1.jpg\"><img decoding=\"async\" loading=\"lazy\" class=\"alignnone size-full wp-image-307867\" src=\"http:\/\/futboltotal.com.mx\/wp-content\/uploads\/2015\/08\/Layun-1.jpg\" alt=\"Layun-\" srcset=\"http:\/\/desarrollo.grupomedios.com\/futbol\/wp-content\/uploads\/2015\/08\/Layun-1.jpg 820w, http:\/\/desarrollo.grupomedios.com\/futbol\/wp-content\/uploads\/2015\/08\/Layun-1-300x201.jpg 300w\" sizes=\"(max-width: 820px) 100vw, 820px\" \/><\/a> <a href=\"http:\/\/futboltotal.com.mx\/2015\/08\/bayer-leverkusen-sorprenderia-con-fichaje-de-chicharito\/\">Javier Hern\u00e1ndez podr\u00eda recalar en la Bundesliga<\/a>\u00a0con el\u00a0Bayer Leverkusen. En Alemania afirman que firmar\u00e1 por tres a\u00f1os a cabo de 12 millones de euros. <a href=\"http:\/\/futboltotal.com.mx\/wp-content\/uploads\/2015\/08\/Javier-Hern\u00e1ndez-corre-a-la-Bundesliga-.jpg\"><img decoding=\"async\" loading=\"lazy\" class=\"alignnone size-full wp-image-307763\" src=\"http:\/\/futboltotal.com.mx\/wp-content\/uploads\/2015\/08\/Javier-Hern\u00e1ndez-corre-a-la-Bundesliga-.jpg\" alt=\"Javier Hern\u00e1ndez corre a la Bundesliga\" srcset=\"http:\/\/desarrollo.grupomedios.com\/futbol\/wp-content\/uploads\/2015\/08\/Javier-Hern\u00e1ndez-corre-a-la-Bundesliga-.jpg 820w, http:\/\/desarrollo.grupomedios.com\/futbol\/wp-content\/uploads\/2015\/08\/Javier-Hern\u00e1ndez-corre-a-la-Bundesliga--300x201.jpg 300w\" sizes=\"(max-width: 820px) 100vw, 820px\" \/><\/a> \u00a1Reemplazo para Chicharito! Seg\u00fan apuntan varios medios brit\u00e1nicos, el delantero del QPR podr\u00eda firmar por el United por 15 millones de libras m\u00e1s variables. Atl\u00e9tico de Madrid negocia la salida de Ra\u00fal Garc\u00eda al Athletic de Bilbao. Firmar\u00eda contrato por cuatro temporadas. Sergi Darder tiene nuevo equipo. El Olympique de Lyon ha anunciado el fichaje del centrocampista espa\u00f1ol de 22 a\u00f1os procedente del M\u00e1laga. El conjunto franc\u00e9s pagar\u00e1 12 millones de euros por \u00e9l, de los cuales 1,2 ir\u00e1n al Espanyol.<\/p>\n<blockquote class=\"twitter-tweet\" lang=\"es\"><p>L&#8217;OL est heureux d&#8217;annoncer le transfert de l&#8217;international espoir espagnol Sergi Darder pour un montant de 12M \u20ac =&gt; <a href=\"http:\/\/t.co\/KXBx6GuY2W\">http:\/\/t.co\/KXBx6GuY2W<\/a> \u2014 Olympique Lyonnais (@OL) <a href=\"https:\/\/twitter.com\/OL\/status\/638025880871301121\">agosto 30, 2015<\/a><\/p><\/blockquote>\n<p><script src=\"\/\/platform.twitter.com\/widgets.js\" async=\"\" charset=\"utf-8\"><\/script>Oficial: Kevin de Bruyne es nuevo jugador del Manchester City. <\/p>\n<blockquote class=\"twitter-tweet\" lang=\"es\"><p>The moment <a href=\"https:\/\/twitter.com\/DeBruyneKev\">@debruynekev<\/a> put pen to paper at <a href=\"https:\/\/twitter.com\/hashtag\/mcfc?src=hash\">#mcfc<\/a>! <a href=\"https:\/\/twitter.com\/hashtag\/welcomeKDB?src=hash\">#welcomeKDB<\/a> <a href=\"https:\/\/t.co\/bWqmUdAB6C\">https:\/\/t.co\/bWqmUdAB6C<\/a> \u2014 Manchester City FC (@MCFC) <a href=\"https:\/\/twitter.com\/MCFC\/status\/638006705641639936\">agosto 30, 2015<\/a><\/p><\/blockquote>\n<p><script src=\"\/\/platform.twitter.com\/widgets.js\" async=\"\" charset=\"utf-8\"><\/script>El <a href=\"http:\/\/futboltotal.com.mx\/2015\/08\/kingslay-coman-nuevo-futbolista-del-bayern-munich\/\">Bayern de Munich ha hecho oficial el fichaje del delantero franc\u00e9s de 19 a\u00f1os Kingslay Coman<\/a>, que las dos pr\u00f3ximas temporadas jugar\u00e1 en el equipo b\u00e1varo cedido por la Juventus.<\/p>\n<blockquote class=\"twitter-tweet\" lang=\"es\"><p>Mehr Infos zum Leihgesch\u00e4ft von Kingsley Coman mit anschlie\u00dfender Kaufoption gibt es hier: <a href=\"http:\/\/t.co\/1AYgIyYSLs\">http:\/\/t.co\/1AYgIyYSLs<\/a> <a href=\"http:\/\/t.co\/GyrF7LS8Jo\">pic.twitter.com\/GyrF7LS8Jo<\/a> \u2014 FC Bayern M\u00fcnchen (@FCBayern) <a href=\"https:\/\/twitter.com\/FCBayern\/status\/637984525344206848\">agosto 30, 2015<\/a><\/p><\/blockquote>\n<p><em>A Bola<\/em> resalta que<a href=\"http:\/\/futboltotal.com.mx\/2015\/08\/el-traspaso-de-tecatito-corona-al-porto-se-cerraria-este-domingo\/\"><strong> Tecatito Corona<\/strong> podr\u00eda ser anunciado como futbolista del Porto en pr\u00f3ximas horas<\/a> pues se encuentra en Portugal realizando ex\u00e1menes m\u00e9dicos. Alexander Song\u00a0est\u00e1 en la agenda del Tottenham, que est\u00e1 dispuesto a reforzar su equipo con el ex jugador del Arsenal y el West Ham. Seg\u00fan apunta el <em>Daily Star<\/em>, el Manchester United habr\u00eda rechazado una oferta del Tottenham por <strong>Javier Chicharito Hern\u00e1dez<\/strong>. El Chelsea quiere al central Ezequiel Garay despu\u00e9s del rotundo &#8216;no&#8217; de John Stones (Everton) y de la ocasi\u00f3n perdida tambi\u00e9n con Abdennour (se ha ido al Valencia), publica <em>The Independent<\/em>. Kevin De Bruyne ha pasado ya el reconocimiento m\u00e9dico con el Manchester City despu\u00e9s de cuatro horas de pruebas.<\/p>\n<blockquote class=\"twitter-tweet\" lang=\"es\"><p>Pellegrini in the dark as he admits being clueless about De Bruyne&#8217;s Man City medical <a href=\"http:\/\/t.co\/m4zfZ3QJa4\">http:\/\/t.co\/m4zfZ3QJa4<\/a> <a href=\"http:\/\/t.co\/a6GIgR6iov\">pic.twitter.com\/a6GIgR6iov<\/a> \u2014 The Sun &#8211; Football (@TheSunFootball) <a href=\"https:\/\/twitter.com\/TheSunFootball\/status\/637926470720032768\">agosto 30, 2015<\/a><\/p><\/blockquote>\n<p><script src=\"\/\/platform.twitter.com\/widgets.js\" async=\"\" charset=\"utf-8\"><\/script>El veterano delantero Vedad Ibisevic deja el Stuttgart despu\u00e9s de cuatro temporadas y media para firmar por el Hertha Berlin. Este domingo ambos clubes han confirmado el acuerdo, del que no se han concretado detalles. <\/p>\n<blockquote class=\"twitter-tweet\" lang=\"es\"><p>Herzlich willkommen, <a href=\"https:\/\/twitter.com\/VedadIbisevic09\">@VedadIbisevic09<\/a>! Hertha BSC verpflichtet den St\u00fcrmer vom <a href=\"https:\/\/twitter.com\/VfB\">@VfB<\/a>! <a href=\"http:\/\/t.co\/mONEE7NkW0\">http:\/\/t.co\/mONEE7NkW0<\/a> <a href=\"https:\/\/twitter.com\/hashtag\/hahohe?src=hash\">#hahohe<\/a> <a href=\"http:\/\/t.co\/l9ZiABEcDh\">pic.twitter.com\/l9ZiABEcDh<\/a> \u2014 Hertha BSC (@HerthaBSC) <a href=\"https:\/\/twitter.com\/HerthaBSC\/status\/637903034236993536\">agosto 30, 2015<\/a><\/p><\/blockquote>\n<p><script src=\"\/\/platform.twitter.com\/widgets.js\" async=\"\" charset=\"utf-8\"><\/script>Lazar Markovic pasa a la liga turca. El centrocampista serbio de 21 a\u00f1os, que lleg\u00f3 al Liverpool el pasado verano por 25 millones de libras procedente del Benfica, jugar\u00e1 la pr\u00f3xima temporada cedido en el Fenerbache turco, seg\u00fan ha informado el club ingl\u00e9s a trav\u00e9s de su p\u00e1gina web.<\/p>\n<blockquote class=\"twitter-tweet\" lang=\"es\"><p>Ho\u015fgeldin Lazar Markovic! (<a href=\"https:\/\/twitter.com\/LMarkec50\">@LMarkec50<\/a>) <a href=\"http:\/\/t.co\/uPMIlU2heF\">pic.twitter.com\/uPMIlU2heF<\/a> \u2014 Fenerbah\u00e7e SK (@Fenerbahce) <a href=\"https:\/\/twitter.com\/Fenerbahce\/status\/637965677983334400\">agosto 30, 2015<\/a><\/p><\/blockquote>\n<p><script src=\"\/\/platform.twitter.com\/widgets.js\" async=\"\" charset=\"utf-8\"><\/script><span style=\"color: #ff0000;\">S\u00e1bado 29 de agosto<\/span> Seg\u00fan la prensa holandesa Louis Van Gaal habr\u00eda propuesto una oferta multimillonaria por el veterano delantero Arjen Robben del Bayern de Munich. <a href=\"http:\/\/futboltotal.com.mx\/wp-content\/uploads\/2015\/08\/Van-Gaal.jpg\"><img decoding=\"async\" loading=\"lazy\" class=\"alignnone size-full wp-image-303445\" src=\"http:\/\/futboltotal.com.mx\/wp-content\/uploads\/2015\/08\/Van-Gaal.jpg\" alt=\"Van-Gaal\" srcset=\"http:\/\/desarrollo.grupomedios.com\/futbol\/wp-content\/uploads\/2015\/08\/Van-Gaal.jpg 820w, http:\/\/desarrollo.grupomedios.com\/futbol\/wp-content\/uploads\/2015\/08\/Van-Gaal-300x201.jpg 300w\" sizes=\"(max-width: 820px) 100vw, 820px\" \/><\/a> El Real Madrid anunciar\u00e1 la compra de David de Gea el lunes y lo <a href=\"http:\/\/futboltotal.com.mx\/2015\/08\/real-madrid-prepara-presentacion-de-futbolista-sin-fichar\/\">presentar\u00eda el martes<\/a>. S\u00e1bado 29 de agosto Seg\u00fan Jason Burt, periodista de The Telegraph, Louis van Gaal le habr\u00eda dicho a <a href=\"http:\/\/futboltotal.com.mx\/2015\/08\/chicharito-libre-de-salir-del-manchester-united\/\">Chicharito Hern\u00e1ndez que puede abandonar el Manchester United<\/a> antes del cierre del mercado de fichajes. <a href=\"http:\/\/futboltotal.com.mx\/wp-content\/uploads\/2015\/08\/Chicharito-Aston-Villa.jpg\"><img decoding=\"async\" loading=\"lazy\" class=\"alignnone size-full wp-image-302435\" src=\"http:\/\/futboltotal.com.mx\/wp-content\/uploads\/2015\/08\/Chicharito-Aston-Villa.jpg\" alt=\"Chicharito-Aston-Villa\" srcset=\"http:\/\/desarrollo.grupomedios.com\/futbol\/wp-content\/uploads\/2015\/08\/Chicharito-Aston-Villa.jpg 820w, http:\/\/desarrollo.grupomedios.com\/futbol\/wp-content\/uploads\/2015\/08\/Chicharito-Aston-Villa-300x201.jpg 300w\" sizes=\"(max-width: 820px) 100vw, 820px\" \/><\/a> Evans llega al West Bromwich Albion. <\/p>\n<blockquote class=\"twitter-tweet\" lang=\"es\"><p>PICS: Welcome to the Baggies, Jonny! <a href=\"https:\/\/twitter.com\/hashtag\/WBA?src=hash\">#WBA<\/a> <a href=\"http:\/\/t.co\/CPpS0Bf2w7\">pic.twitter.com\/CPpS0Bf2w7<\/a> \u2014 West Bromwich Albion (@WBAFCofficial) <a href=\"https:\/\/twitter.com\/WBAFCofficial\/status\/637729162543935488\">agosto 29, 2015<\/a><\/p><\/blockquote>\n<p><script src=\"\/\/platform.twitter.com\/widgets.js\" async=\"\" charset=\"utf-8\"><\/script>Abdennour pasa al Valencia. El conjunto esp\u00f1a\u00f1ol lleg\u00f3 a un acuerdo con el M\u00f3naco para el traspaso del central, que firma hasta el 30 de junio de 2020.<\/p>\n<blockquote class=\"twitter-tweet\" lang=\"es\"><p>COMUNICADO OFICIAL | <a href=\"https:\/\/twitter.com\/aymen_abdennour\">@aymen_abdennour<\/a> , nuevo jugador del <a href=\"https:\/\/twitter.com\/valenciacf\">@valenciacf<\/a> -&gt; <a href=\"http:\/\/t.co\/AqLBvhoVdP\">http:\/\/t.co\/AqLBvhoVdP<\/a> <a href=\"https:\/\/twitter.com\/hashtag\/BenvingutAbdennour?src=hash\">#BenvingutAbdennour<\/a> <a href=\"http:\/\/t.co\/iCAV3ktwUH\">pic.twitter.com\/iCAV3ktwUH<\/a> \u2014 Valencia CF (@valenciacf) <a href=\"https:\/\/twitter.com\/valenciacf\/status\/637735426736975873\">agosto 29, 2015<\/a><\/p><\/blockquote>\n<p><script src=\"\/\/platform.twitter.com\/widgets.js\" async=\"\" charset=\"utf-8\"><\/script>O Jogo apunta que <a href=\"http:\/\/futboltotal.com.mx\/2015\/08\/dan-como-un-hecho-traspaso-de-tecatito-corona-al-porto\/\">Tecatito Corona tendr\u00e1 un contrato de cinco a\u00f1os en Portugal<\/a> y su traspaso seria por una cantidad superior a los <strong>diez millones de euros<\/strong>. <a href=\"http:\/\/futboltotal.com.mx\/wp-content\/uploads\/2015\/08\/Tecatito-entra.jpg\"><img decoding=\"async\" loading=\"lazy\" class=\"alignnone size-full wp-image-306663\" src=\"http:\/\/futboltotal.com.mx\/wp-content\/uploads\/2015\/08\/Tecatito-entra.jpg\" alt=\"Tecatito entra\" srcset=\"http:\/\/desarrollo.grupomedios.com\/futbol\/wp-content\/uploads\/2015\/08\/Tecatito-entra.jpg 820w, http:\/\/desarrollo.grupomedios.com\/futbol\/wp-content\/uploads\/2015\/08\/Tecatito-entra-300x201.jpg 300w\" sizes=\"(max-width: 820px) 100vw, 820px\" \/><\/a> Kingsley Coman quiere salir de la Juventus. No jugar\u00e1 el domingo y solicita un cambio al Bayern Munich de acuerdo al <em>Bild<\/em>. <a href=\"http:\/\/futboltotal.com.mx\/wp-content\/uploads\/2015\/08\/Coman-e1440857110907.jpg\"><img decoding=\"async\" loading=\"lazy\" class=\"alignnone size-full wp-image-307269\" src=\"http:\/\/futboltotal.com.mx\/wp-content\/uploads\/2015\/08\/Coman-e1440857110907.jpg\" alt=\"Coman\" \/><\/a> Paul Pogba ha avisado al Chelsea de Mourinho que si le quiere fichar deber\u00e1 pagarle la astron\u00f3mica cantidad de 318.000 libras a la semana (435.000 euros), seg\u00fan el <em>Daily Star<\/em>. <a href=\"http:\/\/futboltotal.com.mx\/wp-content\/uploads\/2015\/08\/Pogba-desastroso-.jpg\"><img decoding=\"async\" loading=\"lazy\" class=\"alignnone size-full wp-image-305527\" src=\"http:\/\/futboltotal.com.mx\/wp-content\/uploads\/2015\/08\/Pogba-desastroso-.jpg\" alt=\"Pogba desastroso\" srcset=\"http:\/\/desarrollo.grupomedios.com\/futbol\/wp-content\/uploads\/2015\/08\/Pogba-desastroso-.jpg 825w, http:\/\/desarrollo.grupomedios.com\/futbol\/wp-content\/uploads\/2015\/08\/Pogba-desastroso--300x200.jpg 300w\" sizes=\"(max-width: 825px) 100vw, 825px\" \/><\/a> El Borussia Dortmund anunci\u00f3 el fichaje del zaguero surcoreano Joo Ho Park. <\/p>\n<blockquote class=\"twitter-tweet\" lang=\"es\"><p>Willkommen in Dortmund, \/\/ Welcome to Dortmund, <a href=\"https:\/\/twitter.com\/choohoho\">@choohoho<\/a>! <a href=\"http:\/\/t.co\/XhgcVRyRrg\">pic.twitter.com\/XhgcVRyRrg<\/a> \u2014 Borussia Dortmund (@BVB) <a href=\"https:\/\/twitter.com\/BVB\/status\/637563269901885440\">agosto 29, 2015<\/a><\/p><\/blockquote>\n<p><script src=\"\/\/platform.twitter.com\/widgets.js\" async=\"\" charset=\"utf-8\"><\/script>Kevin De Bruyne, listo para ser <em>Citizen<\/em>. Seg\u00fan la BBC, el extremo belga del Wolfsburgo ha viajado para cerrar el \u00faltimo tr\u00e1mite antes del anuncio del fichaje por el Manchester City. <a href=\"http:\/\/futboltotal.com.mx\/wp-content\/uploads\/2015\/08\/De-Bruyne-en-Manchester-e1440854539940.jpg\"><img decoding=\"async\" loading=\"lazy\" class=\"alignnone size-full wp-image-307255\" src=\"http:\/\/futboltotal.com.mx\/wp-content\/uploads\/2015\/08\/De-Bruyne-en-Manchester-e1440854539940.jpg\" alt=\"De Bruyne en Manchester\" \/><\/a> Barcelona\u00a0ha hecho oficial a trav\u00e9s de un comunicado que el club catal\u00e1n, el Sevilla y el Villarreal ha llegado a un acuerdo por el traspaso de Denis Su\u00e1rez al conjunto castellonense. El Bar\u00e7a se guarda un derecho de recompra para el final de campa\u00f1a y otro para el final de la temporada 2016\/17, adem\u00e1s de un posterior derecho de tanteo sobre el jugador.<\/p>\n<blockquote class=\"twitter-tweet\" lang=\"es\"><p>\u00a1Bienvenido <a href=\"https:\/\/twitter.com\/DenisSuarez36\">@DenisSuarez36<\/a>! Acuerdo de traspaso con el <a href=\"https:\/\/twitter.com\/FCBarcelona_es\">@FCBarcelona_es<\/a> y <a href=\"https:\/\/twitter.com\/SevillaFC\">@SevillaFC<\/a>. <a href=\"http:\/\/t.co\/nxRqhtev4G\">http:\/\/t.co\/nxRqhtev4G<\/a> <a href=\"http:\/\/t.co\/uY8JvIaBAI\">pic.twitter.com\/uY8JvIaBAI<\/a> \u2014 Villarreal CF (@VillarrealCF) <a href=\"https:\/\/twitter.com\/VillarrealCF\/status\/637596240369352704\">agosto 29, 2015<\/a><\/p><\/blockquote>\n<p><script src=\"\/\/platform.twitter.com\/widgets.js\" async=\"\" charset=\"utf-8\"><\/script>Viernes 28 de agosto Fabio Coentrao y M\u00f3naco hacen oficial su v\u00ednculo. <\/p>\n<blockquote class=\"twitter-tweet\" lang=\"es\"><p>RETWEETEZ et follow <a href=\"https:\/\/twitter.com\/AS_Monaco\">@AS_Monaco<\/a> pour gagner le maillot d\u00e9dicac\u00e9 de <a href=\"https:\/\/twitter.com\/Fabio_Coentrao\">@Fabio_Coentrao<\/a> ! <a href=\"http:\/\/t.co\/z70zqKqa98\">pic.twitter.com\/z70zqKqa98<\/a> \u2014 AS MONACO (@AS_Monaco) <a href=\"https:\/\/twitter.com\/AS_Monaco\/status\/637301592933449728\">agosto 28, 2015<\/a><\/p><\/blockquote>\n<p><script src=\"\/\/platform.twitter.com\/widgets.js\" async=\"\" charset=\"utf-8\"><\/script>V\u00edctor Vald\u00e9s apura sus \u00faltimas horas como empleado del Manchester United, a la espera de que sus asesores le confirmen el acuerdo a tres partes por el que pasar\u00e1 a ser futbolista del Besiktas, con el que firmar\u00e1 un acuerdo por una temporada. Casi 77 millones de euros pagar\u00eda el Manchester City porel traspaso de Kevin de Bruyne. Habr\u00eda que sumar otros tantos en concepto de ficha por los cinco a\u00f1os de contrato que firmar\u00eda el jugador belga. <a href=\"http:\/\/futboltotal.com.mx\/wp-content\/uploads\/2015\/08\/De-Bruyne-e1440777672316.jpg\"><img decoding=\"async\" loading=\"lazy\" class=\"alignnone size-full wp-image-307005\" src=\"http:\/\/futboltotal.com.mx\/wp-content\/uploads\/2015\/08\/De-Bruyne-e1440777672316.jpg\" alt=\"De Bruyne\" \/><\/a> <strong>Rony Lopes ficha por el AS M\u00f3naco.<\/strong> El hasta hoy jugador del Manchester City Marcos Lopes (20 a\u00f1os), llamado <em>Rony<\/em> por su \u00eddolo Cristiano Ronaldo, ha firmado con el club franc\u00e9s por las pr\u00f3ximas cinco temporadas.<\/p>\n<blockquote class=\"twitter-tweet\" lang=\"es\"><p>L\u2019<a href=\"https:\/\/twitter.com\/AS_Monaco\">@AS_Monaco<\/a> est heureuse d\u2019annoncer la signature pour 5 saisons de <a href=\"https:\/\/twitter.com\/Rony10Lopes\">@Rony10Lopes<\/a> ! <a href=\"https:\/\/twitter.com\/hashtag\/WelcomeToMonaco?src=hash\">#WelcomeToMonaco<\/a> <a href=\"http:\/\/t.co\/dxYL5vrFe4\">pic.twitter.com\/dxYL5vrFe4<\/a> \u2014 AS MONACO (@AS_Monaco) <a href=\"https:\/\/twitter.com\/AS_Monaco\/status\/637240820903579648\">agosto 28, 2015<\/a><\/p><\/blockquote>\n<p><script src=\"\/\/platform.twitter.com\/widgets.js\" async=\"\" charset=\"utf-8\"><\/script>Juan Carlos Restrepo, padrastro del jugador colombiano del Real Madrid ha afirmado en una entrevista al medio brasile\u00f1o Superesportes que <a href=\"http:\/\/futboltotal.com.mx\/2015\/08\/padrastro-de-james-rodriguez-lo-vincula-con-el-cruzeiro\/\">&#8220;en el futuro le gustar\u00eda fichar por el Cruzeiro&#8221;<\/a>. El Atl\u00e9tico de Madrid hizo oficial el fichaje de Kranevitter a trav\u00e9s de un comunicado en su web oficial. El club del Manzanares dice que el acuerdo es total, pero que el centrocampista no se incorporar\u00e1 a la disciplina rojiblanca hasta el mes de enero. <\/p>\n<blockquote class=\"twitter-tweet\" lang=\"es\"><p>\u00a1CERRADO! Kranevitter ya es rojiblanco. Se incorporar\u00e1 a finales de diciembre. \u00a1Bienvenido! <a href=\"http:\/\/t.co\/hPmABnHCUx\">http:\/\/t.co\/hPmABnHCUx<\/a> <a href=\"http:\/\/t.co\/FfCJVua5wP\">pic.twitter.com\/FfCJVua5wP<\/a> \u2014 Atl\u00e9tico de Madrid (@Atleti) <a href=\"https:\/\/twitter.com\/Atleti\/status\/637369533343399937\">agosto 28, 2015<\/a><\/p><\/blockquote>\n<p><script src=\"\/\/platform.twitter.com\/widgets.js\" async=\"\" charset=\"utf-8\"><\/script>\u00a1Nuevo fichaje del Milan! El conjunto rossonero ha hecho oficial la contrataci\u00f3n del eslovaco Kucka, centrocampista procedente del Genoa, que firma hasta 2019.<\/p>\n<blockquote class=\"twitter-tweet\" lang=\"es\"><p><a href=\"https:\/\/twitter.com\/hashtag\/ACMilan?src=hash\">#ACMilan<\/a> announces the signing of Juraj Kucka from Genoa CFC. He signed a contract until 30th June 2019 <a href=\"https:\/\/twitter.com\/hashtag\/weareacmilan?src=hash\">#weareacmilan<\/a> <a href=\"http:\/\/t.co\/11zxOtnmbo\">pic.twitter.com\/11zxOtnmbo<\/a> \u2014 AC Milan (@acmilan) <a href=\"https:\/\/twitter.com\/acmilan\/status\/637236440712146944\">agosto 28, 2015<\/a><\/p><\/blockquote>\n<p><script src=\"\/\/platform.twitter.com\/widgets.js\" async=\"\" charset=\"utf-8\"><\/script>Seg\u00fan <em>Tuttosport<\/em> y <em>Mediaset Italia<\/em>, la Juventus est\u00e1 negociando el fichaje de Zlatan Ibrahimovic, delantero ex azulgrana militante en el PSG que hab\u00eda sonado con fuerza como posible refuerzo del Milan. El Atl\u00e9tico de Madrid ha hecho oficial la contrataci\u00f3n del delantero colombiano de 19 a\u00f1os Santos Borr\u00e9, que firma por 6 temporadas y se incorporar\u00e1 a la disciplina colchonera el pr\u00f3ximo a\u00f1o. <\/p>\n<blockquote class=\"twitter-tweet\" lang=\"es\"><p>\u00a1Bienvenido Santos Borr\u00e9! El delantero ha firmado por 6 temporadas. El pr\u00f3ximo verano se incorporar\u00e1 a nuestro club <a href=\"http:\/\/t.co\/IUk9jvvT2L\">pic.twitter.com\/IUk9jvvT2L<\/a> \u2014 Atl\u00e9tico de Madrid (@Atleti) <a href=\"https:\/\/twitter.com\/Atleti\/status\/637266004368691200\">agosto 28, 2015<\/a><\/p><\/blockquote>\n<p><script src=\"\/\/platform.twitter.com\/widgets.js\" async=\"\" charset=\"utf-8\"><\/script>Manchester United rebaja el costo por David de Gea. \u00a1Dispuesto a aceptar 40 millones del Real Madrid. Para recuperarse de la p\u00e9rdida de Son, el Leverkusen contrata a Kevin Kampl.<\/p>\n<blockquote class=\"twitter-tweet\" lang=\"es\"><p>Willkommen zur\u00fcck in Leverkusen! <a href=\"https:\/\/twitter.com\/hashtag\/Bayer04?src=hash\">#Bayer04<\/a> hat Kevin <a href=\"https:\/\/twitter.com\/hashtag\/Kampl?src=hash\">#Kampl<\/a> bis 2020 vom <a href=\"https:\/\/twitter.com\/BVB\">@BVB<\/a> verpflichtet. <a href=\"http:\/\/t.co\/kfItMYYYBG\">pic.twitter.com\/kfItMYYYBG<\/a> \u2014 Bayer 04 Leverkusen (@bayer04fussball) <a href=\"https:\/\/twitter.com\/bayer04fussball\/status\/637188016688234496\">agosto 28, 2015<\/a><\/p><\/blockquote>\n<p><script src=\"\/\/platform.twitter.com\/widgets.js\" async=\"\" charset=\"utf-8\"><\/script><span style=\"color: #800080;\">La prensa italiana asegura que el Manchester United ofert\u00f3 40 millones de euros por el mediocampista brasile\u00f1o Felipe Anderson de la Lazio.<\/span> El Tottenham ficha a Son del Bayer Leverkusen por 30 millones de euros. Tercer fichaje m\u00e1s caro en la historia del club. <\/p>\n<blockquote class=\"twitter-tweet\" lang=\"es\"><p>CONFIRMED: Heung-Min Son signs from Leverkusen subject to work permit &amp; international clearance. <a href=\"https:\/\/twitter.com\/hashtag\/HereComesTheSon?src=hash\">#HereComesTheSon<\/a> <a href=\"http:\/\/t.co\/aXGhzHwYcE\">pic.twitter.com\/aXGhzHwYcE<\/a> \u2014 Tottenham Hotspur (@SpursOfficial) <a href=\"https:\/\/twitter.com\/SpursOfficial\/status\/637187983255408640\">agosto 28, 2015<\/a><\/p><\/blockquote>\n<p><script src=\"\/\/platform.twitter.com\/widgets.js\" async=\"\" charset=\"utf-8\"><\/script>Ola Toivonen, delantero sueco, se incorpora al Sunderland proveniente del Rennes.<\/p>\n<blockquote class=\"twitter-tweet\" lang=\"es\"><p>Follow new signing <a href=\"https:\/\/twitter.com\/OlaToivonen20\">@OlaToivonen20<\/a> and send him your Wearside welcomes! <a href=\"https:\/\/twitter.com\/hashtag\/HallaOla?src=hash\">#HallaOla<\/a> <a href=\"http:\/\/t.co\/J27y7KSYll\">pic.twitter.com\/J27y7KSYll<\/a> \u2014 Sunderland AFC (@SunderlandAFC) <a href=\"https:\/\/twitter.com\/SunderlandAFC\/status\/637199425748791296\">agosto 28, 2015<\/a><\/p><\/blockquote>\n<p><script src=\"\/\/platform.twitter.com\/widgets.js\" async=\"\" charset=\"utf-8\"><\/script>El Olympique de Marsella se hace del joven Eirik Haugan. Su club anterior fue el Molde. <\/p>\n<blockquote class=\"twitter-tweet\" lang=\"es\"><p>Le Norv\u00e9gien Eirik Haugan rejoint l\u2019OM <a href=\"https:\/\/twitter.com\/hashtag\/MercatOM?src=hash\">#MercatOM<\/a> \u2192 <a href=\"http:\/\/t.co\/HFHZa0YZLe\">http:\/\/t.co\/HFHZa0YZLe<\/a> <a href=\"https:\/\/twitter.com\/hashtag\/TeamOM?src=hash\">#TeamOM<\/a> <a href=\"http:\/\/t.co\/G9m2zccP44\">pic.twitter.com\/G9m2zccP44<\/a> \u2014 Olympique Marseille (@OM_Officiel) <a href=\"https:\/\/twitter.com\/OM_Officiel\/status\/637203987909996544\">agosto 28, 2015<\/a><\/p><\/blockquote>\n<p><script src=\"\/\/platform.twitter.com\/widgets.js\" async=\"\" charset=\"utf-8\"><\/script>Alberto Gilardino regresa al futbol italiano. El Palermo se hace de los servicios del atacante italiano de 33 a\u00f1os luego de su pasaje por el balompi\u00e9 chino.<\/p>\n<blockquote class=\"twitter-tweet\" lang=\"es\"><p>Alberto <a href=\"https:\/\/twitter.com\/GilaGilardino\">@GilaGilardino<\/a> indosser\u00e0 la maglia numero 11: sar\u00e0 a disposizione per <a href=\"https:\/\/twitter.com\/hashtag\/UdinesePalermo?src=hash\">#UdinesePalermo<\/a>. <a href=\"http:\/\/t.co\/j4iweS4N8c\">http:\/\/t.co\/j4iweS4N8c<\/a> <a href=\"http:\/\/t.co\/pED51wAImV\">pic.twitter.com\/pED51wAImV<\/a> \u2014 US Citt\u00e0 di Palermo (@palermocalcioit) <a href=\"https:\/\/twitter.com\/palermocalcioit\/status\/637174817565868032\">agosto 28, 2015<\/a><\/p><\/blockquote>\n<p><script src=\"\/\/platform.twitter.com\/widgets.js\" async=\"\" charset=\"utf-8\"><\/script>Jueves 27 de agosto Oficial: el Marsella de M\u00edchel anuncia la cesi\u00f3n un a\u00f1o de Lucas Silva. <\/p>\n<blockquote class=\"twitter-tweet\" lang=\"es\"><p>.<a href=\"https:\/\/twitter.com\/16LucasSilva\">@16LucasSilva<\/a> est Olympien <a href=\"https:\/\/twitter.com\/hashtag\/MercatOM?src=hash\">#MercatOM<\/a> \u2192 <a href=\"http:\/\/t.co\/kFs6tGAiq1\">http:\/\/t.co\/kFs6tGAiq1<\/a> <a href=\"https:\/\/twitter.com\/hashtag\/EAGOM?src=hash\">#EAGOM<\/a> <a href=\"http:\/\/t.co\/R5BJOieMlg\">pic.twitter.com\/R5BJOieMlg<\/a> \u2014 Olympique Marseille (@OM_Officiel) <a href=\"https:\/\/twitter.com\/OM_Officiel\/status\/636886648643526656\">agosto 27, 2015<\/a><\/p><\/blockquote>\n<p><script src=\"\/\/platform.twitter.com\/widgets.js\" async=\"\" charset=\"utf-8\"><\/script>El Valencia ha llegado a un acuerdo con el SC Braga para el traspaso del defensa central Aderllan Santos. El jugador brasile\u00f1o, de 26 a\u00f1os, ha superado el reconocimiento m\u00e9dico y ha firmado un contrato de cinco temporadas.<\/p>\n<blockquote class=\"twitter-tweet\" lang=\"es\"><p>COMUNICADO OFICIAL | Aderllan Santos, nuevo jugador del <a href=\"https:\/\/twitter.com\/valenciacf\">@valenciacf<\/a>-&gt; <a href=\"http:\/\/t.co\/Na0JfzU9tz\">http:\/\/t.co\/Na0JfzU9tz<\/a> <a href=\"https:\/\/twitter.com\/hashtag\/BenvingutAderllanSantos?src=hash\">#BenvingutAderllanSantos<\/a> <a href=\"http:\/\/t.co\/TffDDUyXtz\">pic.twitter.com\/TffDDUyXtz<\/a> \u2014 Valencia CF (@valenciacf) <a href=\"https:\/\/twitter.com\/valenciacf\/status\/636969034337112064\">agosto 27, 2015<\/a><\/p><\/blockquote>\n<p><script src=\"\/\/platform.twitter.com\/widgets.js\" async=\"\" charset=\"utf-8\"><\/script>El representante de <a href=\"http:\/\/bit.ly\/1Jyqv2L\">Jes\u00fas Tecatito Corona viaj\u00f3 a Portugal<\/a> para continuar las negociaciones con el Porto, as\u00ed lo revel\u00f3 al diario O Jogo. <strong>OFICIAL:<\/strong> PSG ficha a\u00a0Layvin Kurzawa, lateral izquierdo procedente del M\u00f3naco. <img decoding=\"async\" src=\"https:\/\/pbs.twimg.com\/media\/CNbHiD2VAAE4iiQ.jpg\" alt=\"Enlace permanente de imagen incrustada\" \/> Mario Balotelli feliz en su nuevo paso por el equipo rossonero. <\/p>\n<blockquote class=\"twitter-tweet\" lang=\"es\"><p>.<a href=\"https:\/\/twitter.com\/FinallyMario\">@FinallyMario<\/a> is back! \/ Mario \u00e8 tornato! <a href=\"https:\/\/twitter.com\/hashtag\/weareacmilan?src=hash\">#weareacmilan<\/a> <a href=\"http:\/\/t.co\/6YTW6ol0d9\">pic.twitter.com\/6YTW6ol0d9<\/a> \u2014 AC Milan (@acmilan) <a href=\"https:\/\/twitter.com\/acmilan\/status\/636827055758426112\">agosto 27, 2015<\/a><\/p><\/blockquote>\n<p><script src=\"\/\/platform.twitter.com\/widgets.js\" async=\"\" charset=\"utf-8\"><\/script>Fernando Llorente ya es del Sevilla. En la tienda virtual ya se puede comprar su jersey con el 24.<\/p>\n<blockquote class=\"twitter-tweet\" lang=\"es\"><p>.<a href=\"https:\/\/twitter.com\/llorentefer19\">@llorentefer19<\/a> lucir\u00e1 el dorsal 24. Su camiseta ya se puede comprar en <a href=\"http:\/\/t.co\/hFBGpuWNXw\">http:\/\/t.co\/hFBGpuWNXw<\/a> <a href=\"https:\/\/twitter.com\/hashtag\/SevillaFC?src=hash\">#SevillaFC<\/a> <a href=\"http:\/\/t.co\/uoFZeWP2BZ\">pic.twitter.com\/uoFZeWP2BZ<\/a> \u2014 Sevilla F\u00fatbol Club (@SevillaFC) <a href=\"https:\/\/twitter.com\/SevillaFC\/status\/636881510503727104\">agosto 27, 2015<\/a><\/p><\/blockquote>\n<p><script src=\"\/\/platform.twitter.com\/widgets.js\" async=\"\" charset=\"utf-8\"><\/script>Thiago Alc\u00e1ntara renov\u00f3 acuerdo con el Bayern Munich hasta 2019. <\/p>\n<blockquote class=\"twitter-tweet\" lang=\"es\"><p>Here&#8217;s some good news to kick off the day: <a href=\"https:\/\/twitter.com\/Thiago6\">@Thiago6<\/a> has extended his contract at <a href=\"https:\/\/twitter.com\/hashtag\/FCBayern?src=hash\">#FCBayern<\/a> until 2019! <a href=\"https:\/\/twitter.com\/hashtag\/MiaSanMia?src=hash\">#MiaSanMia<\/a> <a href=\"http:\/\/t.co\/PCl1T2GqE8\">pic.twitter.com\/PCl1T2GqE8<\/a> \u2014 FC Bayern English (@FCBayernEN) <a href=\"https:\/\/twitter.com\/FCBayernEN\/status\/636808642990358528\">agosto 27, 2015<\/a><\/p><\/blockquote>\n<p><script src=\"\/\/platform.twitter.com\/widgets.js\" async=\"\" charset=\"utf-8\"><\/script>El Manchester City ha puesto sobre la mesa una oferta de 80 millones para el\u00a0fichaje de <strong>Kevin de Bruyne<\/strong> seg\u00fan el <em>Bild<\/em>. En Inglaterra aseguran que la cifra tan solo llega a los 73\u00a0mde. OFICIAL: Fabio Coentrao deja al Real Madrid para enrolarse con el M\u00f3naco. Su cesi\u00f3n ser\u00e1 por una temporada y aun no se conoce si el contrato incluye opci\u00f3n de compra. <a href=\"http:\/\/futboltotal.com.mx\/wp-content\/uploads\/2015\/08\/Coentrao.jpg\"><img decoding=\"async\" loading=\"lazy\" class=\"alignnone size-full wp-image-306288\" src=\"http:\/\/futboltotal.com.mx\/wp-content\/uploads\/2015\/08\/Coentrao.jpg\" alt=\"Coentrao\" srcset=\"http:\/\/desarrollo.grupomedios.com\/futbol\/wp-content\/uploads\/2015\/08\/Coentrao.jpg 820w, http:\/\/desarrollo.grupomedios.com\/futbol\/wp-content\/uploads\/2015\/08\/Coentrao-300x201.jpg 300w\" sizes=\"(max-width: 820px) 100vw, 820px\" \/><\/a> El portero espa\u00f1ol V\u00edctor Vald\u00e9s ya est\u00e1 desvinculado del Manchester United y est\u00e1 cerca de sellar su traspaso al Besiktas, seg\u00fan el <em>Daily Mail.<\/em> <a href=\"http:\/\/futboltotal.com.mx\/wp-content\/uploads\/2015\/08\/Valdes2.jpg\"><img decoding=\"async\" loading=\"lazy\" class=\"alignnone size-full wp-image-306278\" src=\"http:\/\/futboltotal.com.mx\/wp-content\/uploads\/2015\/08\/Valdes2.jpg\" alt=\"Valdes\" srcset=\"http:\/\/desarrollo.grupomedios.com\/futbol\/wp-content\/uploads\/2015\/08\/Valdes2.jpg 820w, http:\/\/desarrollo.grupomedios.com\/futbol\/wp-content\/uploads\/2015\/08\/Valdes2-300x201.jpg 300w\" sizes=\"(max-width: 820px) 100vw, 820px\" \/><\/a> El Watford donde milita Miguel Lay\u00fan est\u00e1 cerca de ganar la puja con el Olympique de Marsella por el mediocampista Abdoulaye Doucoure, de 22 a\u00f1os, quien llegar\u00e1 procedente del Rennes franc\u00e9s, entidad que cifr\u00f3 el pase en 11 mde.<a href=\"http:\/\/futboltotal.com.mx\/wp-content\/uploads\/2015\/08\/Rennes.jpg\"><img decoding=\"async\" loading=\"lazy\" class=\"size-full wp-image-306283 aligncenter\" src=\"http:\/\/futboltotal.com.mx\/wp-content\/uploads\/2015\/08\/Rennes.jpg\" alt=\"Rennes\" srcset=\"http:\/\/desarrollo.grupomedios.com\/futbol\/wp-content\/uploads\/2015\/08\/Rennes.jpg 820w, http:\/\/desarrollo.grupomedios.com\/futbol\/wp-content\/uploads\/2015\/08\/Rennes-300x201.jpg 300w\" sizes=\"(max-width: 820px) 100vw, 820px\" \/><\/a> <strong>-OFICIAL <\/strong>Sevilla ficha a Fernando Llorente, quien termin\u00f3 contrato con la Juventus y llega en calidad de agente libre. <img decoding=\"async\" loading=\"lazy\" class=\"irc_mi\" src=\"http:\/\/instafutbol.com\/wp-content\/uploads\/2015\/03\/Fernando-Llorente-no-seguira-en-la-Juventus-la-proxima-temporada.jpg\" alt=\"EN VIVO | Mercado de Fichajes 24\" \/> <strong>OFICIAL:<\/strong> La Real Sociedad y el Real Madrid cierran el traspaso de Asier Illarramendi en 16 millones de euros. El mediocampista est\u00e1 en San Sebasti\u00e1n para presentar pruebas m\u00e9dicas. &#8220;Estoy muy contento de volver al equipo donde he crecido&#8221;, dijo el mediocampista.\u00a0 (Foto: Diario Vasco) <a href=\"http:\/\/futboltotal.com.mx\/wp-content\/uploads\/2015\/08\/Illarramendi.jpg\"><img decoding=\"async\" loading=\"lazy\" class=\"alignnone size-full wp-image-306276\" src=\"http:\/\/futboltotal.com.mx\/wp-content\/uploads\/2015\/08\/Illarramendi.jpg\" alt=\"Illarramendi\" srcset=\"http:\/\/desarrollo.grupomedios.com\/futbol\/wp-content\/uploads\/2015\/08\/Illarramendi.jpg 820w, http:\/\/desarrollo.grupomedios.com\/futbol\/wp-content\/uploads\/2015\/08\/Illarramendi-300x201.jpg 300w\" sizes=\"(max-width: 820px) 100vw, 820px\" \/><\/a> -Juventus aun busca un centrocampista m\u00e1s y el mejor postulado es Samir Nasri, del Manchester City. Tiene contrato hasta 2019, pero en Italia no descartan que pueda dejar la Premier League de \u00faltima hora. <a href=\"http:\/\/futboltotal.com.mx\/wp-content\/uploads\/2015\/08\/Nasri.jpg\"><img decoding=\"async\" loading=\"lazy\" class=\"alignnone size-full wp-image-306291\" src=\"http:\/\/futboltotal.com.mx\/wp-content\/uploads\/2015\/08\/Nasri.jpg\" alt=\"Nasri\" srcset=\"http:\/\/desarrollo.grupomedios.com\/futbol\/wp-content\/uploads\/2015\/08\/Nasri.jpg 820w, http:\/\/desarrollo.grupomedios.com\/futbol\/wp-content\/uploads\/2015\/08\/Nasri-300x201.jpg 300w\" sizes=\"(max-width: 820px) 100vw, 820px\" \/><\/a> &#8211; Arsene Wenger descart\u00f3 la llegada de un nuevo delantero al Arsenal. Queda cerrada la plantilla y afirm\u00f3 que &#8220;nunca hubo posibilidad de fichar a Benzema por 70 millones de euros&#8221;. &#8211; Saido Berahino, quien interesa al Manchester United, sigue con el futuro en el aire. Su club el West Bromwich rechaz\u00f3 la oferta del Tottenham por 18 millones de euros, de acuerdo con el <em>Daily Mail<\/em>. Desde Manchester, aun no llega oferta formal de los <em>Red Devils<\/em>. La \u00faltima oferta del Tottenham por Saido Berahino vuelve a ser rechazada. El West Brom no ha aceptado 18 millones de euros m\u00e1s tres en variables. &#8211; <strong>Atl\u00e9tico de Madrid<\/strong> tiene todo listo para cerrar el fichaje del centrocampista Mat\u00edas Kranevitter. Este jueves, el argentino de 22, que aun tiene un a\u00f1o de contrato con River Plate, llegar\u00e1 a Madrid para presentar pruebas m\u00e9dicas. Se unir\u00e1 al club en diciembre.<a href=\"http:\/\/futboltotal.com.mx\/wp-content\/uploads\/2015\/08\/River-Plate1.jpg\"><img decoding=\"async\" loading=\"lazy\" class=\"alignnone size-full wp-image-306009\" src=\"http:\/\/futboltotal.com.mx\/wp-content\/uploads\/2015\/08\/River-Plate1.jpg\" alt=\"River-Plate\" srcset=\"http:\/\/desarrollo.grupomedios.com\/futbol\/wp-content\/uploads\/2015\/08\/River-Plate1.jpg 820w, http:\/\/desarrollo.grupomedios.com\/futbol\/wp-content\/uploads\/2015\/08\/River-Plate1-300x201.jpg 300w\" sizes=\"(max-width: 820px) 100vw, 820px\" \/><\/a> &#8211; <strong>OFICIAL<\/strong>: Se acab\u00f3 la novela para Mario Balotelli. Regresa al club que lo ech\u00f3 en 2014 y al que Berlusconii calific\u00f3 como &#8220;manzana podrida&#8221;. Jugar\u00e1 una temporada en calidad de cedido sin opci\u00f3n a compra. De los 6 millones que cobra, Super Mario acept\u00f3 ganar solo cuatro; el Milan pagar\u00e1 2.5 y el resto el Liverpool.<\/p>\n<blockquote class=\"twitter-tweet\" lang=\"es\"><p>.<a href=\"https:\/\/twitter.com\/FinallyMario\">@FinallyMario<\/a> underwent his medical examination this morning\/Questa mattina <a href=\"https:\/\/twitter.com\/hashtag\/Balotelli?src=hash\">#Balotelli<\/a> ha svolto le visite mediche. <a href=\"http:\/\/t.co\/77YUo6XLUv\">pic.twitter.com\/77YUo6XLUv<\/a> \u2014 AC Milan (@acmilan) <a href=\"https:\/\/twitter.com\/acmilan\/status\/636174234482569217\">agosto 25, 2015<\/a><\/p><\/blockquote>\n<p><script src=\"\/\/platform.twitter.com\/widgets.js\" async=\"\" charset=\"utf-8\"><\/script>&#8211;<strong> OFICIAL:<\/strong> Este jueves la Juventus anunci\u00f3 la contrataci\u00f3n del mediocampista colombiano Juan Cuadrado, quien es el d\u00e9cimo tercer refuerzo del club y llega cedido por una temporada a cambio de 1.8 millones de euros. <\/p>\n<blockquote class=\"twitter-tweet\" lang=\"es\"><p>Ora \u00e8 UFFICIALE: Juan <a href=\"https:\/\/twitter.com\/Cuadrado\">@Cuadrado<\/a> \u00e8 un giocatore della Juventus <a href=\"http:\/\/t.co\/Bh6zsia0R3\">http:\/\/t.co\/Bh6zsia0R3<\/a> <a href=\"http:\/\/t.co\/Rnd32JsG32\">pic.twitter.com\/Rnd32JsG32<\/a> \u2014 JuventusFC (@juventusfc) <a href=\"https:\/\/twitter.com\/juventusfc\/status\/636176433363161088\">agosto 25, 2015<\/a><\/p><\/blockquote>\n<p><script src=\"\/\/platform.twitter.com\/widgets.js\" async=\"\" charset=\"utf-8\">\/\/ <![CDATA[\n-\n\/\/ ]]><\/script><\/p>\n<p>&#8211;<strong>Real Madrid<\/strong> har\u00e1 oficial la salida de Asier Illrramendi en las pr\u00f3ximas horas. Southampton lo quer\u00eda pero al final la Real Sociedad lo respescar\u00e1 por una cifra cercana a los 15 millones de euros.<\/p>\n<p>&#8211; <strong>Lucas Silva<\/strong> puede ir cedido al Marsella. Tras la llegada de Mateo Kovacic, el conjunto<em> merengue<\/em>\u00a0le busca acomodo por una temporada sin opci\u00f3n a compra.<\/p>\n<p>&#8211;<strong>Denis Cheryshev <\/strong>tiene medio pie fuera del conjunto blanco. Valencia se apunta en la lista pero el Villarreal tambi\u00e9n busca contar con \u00e9l nuevamente. En ambos casos ser\u00e1 una cesi\u00f3n por un a\u00f1o.<\/p>\n<p><strong>OFICIAL:<\/strong> Lucas Digne deja al PSG y llega al AS Roma por una a\u00f1o en calidad de cedido.<\/p>\n<p><img decoding=\"async\" loading=\"lazy\" class=\"\" src=\"https:\/\/pbs.twimg.com\/media\/CNQbntQVAAA_tM9.jpg\" alt=\"EN VIVO | Mercado de Fichajes 28\" \/><\/p>\n<p>&#8211; El <strong>Inter de Mil\u00e1n<\/strong> negocia con el <strong>PSG<\/strong> el traspaso del atacante argentino Ezequiel Lavezzi. Esta semana ser\u00e1 crucial para definir la cifra en la que podr\u00eda cerrarse el traspaso que, seg\u00fan la<em> Gazzetta dello Sport<\/em>, rondar\u00eda 25 mde.<\/p>\n<p>&#8211;<strong> Barcelona <\/strong>comienza a armar la lista de candidatos para suplir a Pedro. En la agenda incluye a Yarmolenko y Nolito, este \u00faltimo el que m\u00e1s gusta por su pasado en el Barcelona B y por el que pagar\u00edan 18 millones de euros.<\/p>\n<p>&#8211; <strong>West Ham <\/strong>sigue en busca del reemplazo de Enner Valencia y tiene en \u00f3rbita al ariete del Tottenham, Emanuel Adebayor. Como otra opci\u00f3n tiene al mexicano Chicharito Hern\u00e1ndez, seg\u00fan el <em>Daily Star.<\/em><\/p>\n<p><a href=\"http:\/\/futboltotal.com.mx\/wp-content\/uploads\/2015\/08\/Chichas.jpg\"><img decoding=\"async\" loading=\"lazy\" class=\"alignnone wp-image-305998\" src=\"http:\/\/futboltotal.com.mx\/wp-content\/uploads\/2015\/08\/Chichas.jpg\" alt=\"Chichas\" srcset=\"http:\/\/desarrollo.grupomedios.com\/futbol\/wp-content\/uploads\/2015\/08\/Chichas.jpg 820w, http:\/\/desarrollo.grupomedios.com\/futbol\/wp-content\/uploads\/2015\/08\/Chichas-300x201.jpg 300w\" sizes=\"(max-width: 550px) 100vw, 550px\" \/><\/a><\/p>\n","protected":false},"excerpt":{"rendered":"<p>Sigue los movimientos oficiales y rumores de los clubes top en las \u00faltimas horas del r\u00e9gimen de traspasos<\/p>\n","protected":false},"author":20,"featured_media":308165,"comment_status":"open","ping_status":"open","sticky":false,"template":"","format":"standard","meta":[],"categories":[3839,5951],"tags":[640,43],"_links":{"self":[{"href":"http:\/\/desarrollo.grupomedios.com\/futbol\/wp-json\/wp\/v2\/posts\/305988"}],"collection":[{"href":"http:\/\/desarrollo.grupomedios.com\/futbol\/wp-json\/wp\/v2\/posts"}],"about":[{"href":"http:\/\/desarrollo.grupomedios.com\/futbol\/wp-json\/wp\/v2\/types\/post"}],"author":[{"embeddable":true,"href":"http:\/\/desarrollo.grupomedios.com\/futbol\/wp-json\/wp\/v2\/users\/20"}],"replies":[{"embeddable":true,"href":"http:\/\/desarrollo.grupomedios.com\/futbol\/wp-json\/wp\/v2\/comments?post=305988"}],"version-history":[{"count":0,"href":"http:\/\/desarrollo.grupomedios.com\/futbol\/wp-json\/wp\/v2\/posts\/305988\/revisions"}],"wp:featuredmedia":[{"embeddable":true,"href":"http:\/\/desarrollo.grupomedios.com\/futbol\/wp-json\/wp\/v2\/media\/308165"}],"wp:attachment":[{"href":"http:\/\/desarrollo.grupomedios.com\/futbol\/wp-json\/wp\/v2\/media?parent=305988"}],"wp:term":[{"taxonomy":"category","embeddable":true,"href":"http:\/\/desarrollo.grupomedios.com\/futbol\/wp-json\/wp\/v2\/categories?post=305988"},{"taxonomy":"post_tag","embeddable":true,"href":"http:\/\/desarrollo.grupomedios.com\/futbol\/wp-json\/wp\/v2\/tags?post=305988"}],"curies":[{"name":"wp","href":"https:\/\/api.w.org\/{rel}","templated":true}]}}