{"id":306006,"date":"2015-08-25T11:09:35","date_gmt":"2015-08-25T16:09:35","guid":{"rendered":"http:\/\/futboltotal.com.mx\/?p=306006"},"modified":"2015-08-25T11:09:35","modified_gmt":"2015-08-25T16:09:35","slug":"moises-munoz-baja-del-america","status":"publish","type":"post","link":"http:\/\/desarrollo.grupomedios.com\/futbol\/futbol-mexicano\/moises-munoz-baja-del-america\/2015\/08","title":{"rendered":"Mois\u00e9s Mu\u00f1oz, \u00bfbaja del Am\u00e9rica?"},"content":{"rendered":"<p>Este martes, durante la pr\u00e1ctica del <strong>Am\u00e9rica<\/strong>, <strong>Mois\u00e9s Mu\u00f1oz<\/strong> report\u00f3 una dolencia en la pierna derecha. Ante ello, se dio a conocer que el portero <em>azulcrema<\/em> abandon\u00f3 el entrenamiento junto al doctor del equipo y se informa que se le realizar\u00e1n estudios m\u00e9dicos para valorar el grado del malestar.<\/p>\n<p>\u00bf<strong>Mois\u00e9s Mu\u00f1oz <\/strong>ser\u00e1 baja del <strong>Am\u00e9rica<\/strong>? Complicado saberlo en este momento. Sin embargo, cabe recordar que el torneo anterior, <em>Moy<\/em> se perdi\u00f3 el <strong>Cl\u00e1sico Joven<\/strong> por una lesi\u00f3n. Y ahora, de cara a un nuevo contra <strong>Cruz Azul<\/strong> el portero <em>azulcrema<\/em> presenta un malestar f\u00edsico. Habr\u00e1 que esperar el parte m\u00e9dico.<\/p>\n<p>En el presente <a href=\"http:\/\/futboltotal.com.mx\/estadisticas\/estadisticas-liga-mx\/\">Apertura 2015<\/a>, las <em>\u00c1guilas<\/em> han recibido ocho goles, pero solo cuatro fueron encajados a <strong>Mois\u00e9s Mu\u00f1oz<\/strong> que no vio acci\u00f3n en la primera jornada del torneo por estar concentrado con la Selecci\u00f3n Mexicana que conquist\u00f3 la Copa Oro.<\/p>\n<p>Adem\u00e1s, cabe apuntar que el portero americanista logr\u00f3 colgar el cero en su porter\u00eda en tres de los cinco partidos que ha disputado en la presente campa\u00f1a.<\/p>\n<p>El pr\u00f3ximo s\u00e1bado,\u00a0a\u00a0las 17:00 horas,\u00a0<strong>Am\u00e9rica<\/strong> enfrentar\u00e1 a <strong>Cruz Azul<\/strong>,\u00a0en una edici\u00f3n m\u00e1s del denominado Cl\u00e1sico Joven. <em>Azulcremas<\/em>\u00a0y <em>cementeros<\/em>\u00a0viven momentos diferentes en lo que va del Apertura 2015. Y mientras las <em>\u00c1guilas<\/em> buscar\u00e1n alargar su racha de cuatro partidos de liga con victoria,\u00a0la <em>M\u00e1quina<\/em>\u00a0intentar\u00e1\u00a0salir del bache de tres derrotas al hilo.<\/p>\n","protected":false},"excerpt":{"rendered":"<p>El portero americanista report\u00f3 una dolencia en la pierna derecha<\/p>\n","protected":false},"author":20,"featured_media":306012,"comment_status":"open","ping_status":"open","sticky":false,"template":"","format":"standard","meta":[],"categories":[2198,3845,5950],"tags":[5959,635],"_links":{"self":[{"href":"http:\/\/desarrollo.grupomedios.com\/futbol\/wp-json\/wp\/v2\/posts\/306006"}],"collection":[{"href":"http:\/\/desarrollo.grupomedios.com\/futbol\/wp-json\/wp\/v2\/posts"}],"about":[{"href":"http:\/\/desarrollo.grupomedios.com\/futbol\/wp-json\/wp\/v2\/types\/post"}],"author":[{"embeddable":true,"href":"http:\/\/desarrollo.grupomedios.com\/futbol\/wp-json\/wp\/v2\/users\/20"}],"replies":[{"embeddable":true,"href":"http:\/\/desarrollo.grupomedios.com\/futbol\/wp-json\/wp\/v2\/comments?post=306006"}],"version-history":[{"count":0,"href":"http:\/\/desarrollo.grupomedios.com\/futbol\/wp-json\/wp\/v2\/posts\/306006\/revisions"}],"wp:featuredmedia":[{"embeddable":true,"href":"http:\/\/desarrollo.grupomedios.com\/futbol\/wp-json\/wp\/v2\/media\/306012"}],"wp:attachment":[{"href":"http:\/\/desarrollo.grupomedios.com\/futbol\/wp-json\/wp\/v2\/media?parent=306006"}],"wp:term":[{"taxonomy":"category","embeddable":true,"href":"http:\/\/desarrollo.grupomedios.com\/futbol\/wp-json\/wp\/v2\/categories?post=306006"},{"taxonomy":"post_tag","embeddable":true,"href":"http:\/\/desarrollo.grupomedios.com\/futbol\/wp-json\/wp\/v2\/tags?post=306006"}],"curies":[{"name":"wp","href":"https:\/\/api.w.org\/{rel}","templated":true}]}}