{"id":306011,"date":"2015-08-25T11:32:16","date_gmt":"2015-08-25T16:32:16","guid":{"rendered":"http:\/\/futboltotal.com.mx\/?p=306011"},"modified":"2015-08-25T11:43:00","modified_gmt":"2015-08-25T16:43:00","slug":"di-maria-ausencia-de-argentina-para-duelo-ante-mexico","status":"publish","type":"post","link":"http:\/\/desarrollo.grupomedios.com\/futbol\/destacado-home\/di-maria-ausencia-de-argentina-para-duelo-ante-mexico\/2015\/08","title":{"rendered":"Di Mar\u00eda no jugar\u00e1 ante M\u00e9xico"},"content":{"rendered":"<p>El flamante fichaje del PSG, <strong>\u00c1ngel Di Mar\u00eda<\/strong>, ser\u00e1 baja para el duelo que Argentina disputar\u00e1 el 4 de septiembre ante Bolivia y el 8 del mismo mes ante M\u00e9xico. A la lista de ausencias se suman su compa\u00f1ero de equipo Javier Pastore, adem\u00e1s de Lucas Biglia y Pablo Zabaleta.<\/p>\n<p>La baja de Di Mar\u00eda se debe a quen la directiva de PSG pidi\u00f3 a la AFA que no se convocara al jugador para permitirle realizar un acondicionamiento f\u00edsico en el club para ponerlo en forma para la temporada del f\u00fatbol franc\u00e9s, mientras que los tres restantes se debe a lesiones sufridas el pasado fin de semana.<\/p>\n<p>Pablo Zabaleta sufre un esguince grado dos en el ligamento lateral interno de la rodilla izquierda, Javier Pastore cuenta con un desgarro en el m\u00fasculo s\u00f3leo de la pierna derecha y Lucas Biglia tiene un desgarro en los m\u00fasculos per\u00f3neos de la pierna derecha.<\/p>\n<p>Ante la premura de la situaci\u00f3n, la AFA decidi\u00f3 convocar a Mat\u00edas Kranevitter, Emmanuel Mas y \u00c1ngel Correa, que podr\u00edan debutar con la Selecci\u00f3n Mayor. A la tercia se une Nicol\u00e1s Gait\u00e1n, ya con experiencia en el equipo estelar de Argentina y el sustituto natural ante la ausencia de Di Mar\u00eda.<\/p>\n","protected":false},"excerpt":{"rendered":"<p>Zabaleta, Biglia y Pastore tampoco estar\u00e1n disponibles para el amistoso del 8 de septiembre<\/p>\n","protected":false},"author":20,"featured_media":306019,"comment_status":"open","ping_status":"open","sticky":false,"template":"","format":"standard","meta":[],"categories":[5,3847],"tags":[2020,5996],"_links":{"self":[{"href":"http:\/\/desarrollo.grupomedios.com\/futbol\/wp-json\/wp\/v2\/posts\/306011"}],"collection":[{"href":"http:\/\/desarrollo.grupomedios.com\/futbol\/wp-json\/wp\/v2\/posts"}],"about":[{"href":"http:\/\/desarrollo.grupomedios.com\/futbol\/wp-json\/wp\/v2\/types\/post"}],"author":[{"embeddable":true,"href":"http:\/\/desarrollo.grupomedios.com\/futbol\/wp-json\/wp\/v2\/users\/20"}],"replies":[{"embeddable":true,"href":"http:\/\/desarrollo.grupomedios.com\/futbol\/wp-json\/wp\/v2\/comments?post=306011"}],"version-history":[{"count":0,"href":"http:\/\/desarrollo.grupomedios.com\/futbol\/wp-json\/wp\/v2\/posts\/306011\/revisions"}],"wp:featuredmedia":[{"embeddable":true,"href":"http:\/\/desarrollo.grupomedios.com\/futbol\/wp-json\/wp\/v2\/media\/306019"}],"wp:attachment":[{"href":"http:\/\/desarrollo.grupomedios.com\/futbol\/wp-json\/wp\/v2\/media?parent=306011"}],"wp:term":[{"taxonomy":"category","embeddable":true,"href":"http:\/\/desarrollo.grupomedios.com\/futbol\/wp-json\/wp\/v2\/categories?post=306011"},{"taxonomy":"post_tag","embeddable":true,"href":"http:\/\/desarrollo.grupomedios.com\/futbol\/wp-json\/wp\/v2\/tags?post=306011"}],"curies":[{"name":"wp","href":"https:\/\/api.w.org\/{rel}","templated":true}]}}