{"id":306014,"date":"2015-08-25T15:51:22","date_gmt":"2015-08-25T20:51:22","guid":{"rendered":"http:\/\/futboltotal.com.mx\/?p=306014"},"modified":"2015-08-25T16:05:38","modified_gmt":"2015-08-25T21:05:38","slug":"layun-y-watford-eliminados-de-la-copa-de-la-liga","status":"publish","type":"post","link":"http:\/\/desarrollo.grupomedios.com\/futbol\/futbol-internacional\/layun-y-watford-eliminados-de-la-copa-de-la-liga\/2015\/08","title":{"rendered":"Lay\u00fan y Watford, eliminados de la Copa de la Liga"},"content":{"rendered":"<p>La participaci\u00f3n del <strong>Watford<\/strong> en la <strong>Capital One Cup<\/strong> (Copa de la Liga inglesa) fue escueta, ya que el equipo donde milita el mexicano <strong>Miguel Lay\u00fan<\/strong> fue eliminado en la segunda ronda por el Preston North End.<\/p>\n<p>Con marcador de 1-0, el equipo de Lay\u00fan (quien fue titular) se fue del torneo ante un equipo de segunda divisi\u00f3n en la pir\u00e1mide inglesa. El \u00fanico gol del encuentro fue marcado por <strong>Marnick Vermijl<\/strong>, exjugador de Manchester United y que actualmente est\u00e1 a pr\u00e9stamo con el club de segunda gracias al arreglo entre Preston North End y Sheffield Wednesday, actual due\u00f1o de sus derechos federativos.<\/p>\n<p>De esta forma, Watford acaba con la seguidilla de empates que hab\u00eda obtenido en sus \u00faltimos partidos, todos ellos disputados en la Premier League inglesa. El mexicano Lay\u00fan hab\u00eda sido insertado al plantel de este martes luego de que cont\u00f3 con\u00a0descanso en el duelo de este pasado fin de semana. Preston North End continuar\u00e1 entonces su paso por la Copa de la Liga luego de despachar al Watford y anteriormente, al <strong>Crewe Alexandra<\/strong>.<\/p>\n<p>Watford visitar\u00e1 este fin de semana al <strong>Manchester City<\/strong> en el Etihad Stadium, buscando su primera victoria esta temporada dentro de la Premier League tras tres empates.<\/p>\n<p>[video_player]https:\/\/player.vimeo.com\/external\/135693146.hd.mp4?s=7763caf542133ed813a142e8e01763a4&amp;profile_id=113[\/video_player]<\/p>\n","protected":false},"excerpt":{"rendered":"<p>El mexicano fue titular en la eliminaci\u00f3n de su club<\/p>\n","protected":false},"author":20,"featured_media":302808,"comment_status":"open","ping_status":"open","sticky":false,"template":"","format":"standard","meta":[],"categories":[3839,3846,5951],"tags":[4380,4370],"_links":{"self":[{"href":"http:\/\/desarrollo.grupomedios.com\/futbol\/wp-json\/wp\/v2\/posts\/306014"}],"collection":[{"href":"http:\/\/desarrollo.grupomedios.com\/futbol\/wp-json\/wp\/v2\/posts"}],"about":[{"href":"http:\/\/desarrollo.grupomedios.com\/futbol\/wp-json\/wp\/v2\/types\/post"}],"author":[{"embeddable":true,"href":"http:\/\/desarrollo.grupomedios.com\/futbol\/wp-json\/wp\/v2\/users\/20"}],"replies":[{"embeddable":true,"href":"http:\/\/desarrollo.grupomedios.com\/futbol\/wp-json\/wp\/v2\/comments?post=306014"}],"version-history":[{"count":0,"href":"http:\/\/desarrollo.grupomedios.com\/futbol\/wp-json\/wp\/v2\/posts\/306014\/revisions"}],"wp:featuredmedia":[{"embeddable":true,"href":"http:\/\/desarrollo.grupomedios.com\/futbol\/wp-json\/wp\/v2\/media\/302808"}],"wp:attachment":[{"href":"http:\/\/desarrollo.grupomedios.com\/futbol\/wp-json\/wp\/v2\/media?parent=306014"}],"wp:term":[{"taxonomy":"category","embeddable":true,"href":"http:\/\/desarrollo.grupomedios.com\/futbol\/wp-json\/wp\/v2\/categories?post=306014"},{"taxonomy":"post_tag","embeddable":true,"href":"http:\/\/desarrollo.grupomedios.com\/futbol\/wp-json\/wp\/v2\/tags?post=306014"}],"curies":[{"name":"wp","href":"https:\/\/api.w.org\/{rel}","templated":true}]}}