{"id":306038,"date":"2015-08-25T16:26:53","date_gmt":"2015-08-25T21:26:53","guid":{"rendered":"http:\/\/futboltotal.com.mx\/?p=306038"},"modified":"2015-08-26T09:09:18","modified_gmt":"2015-08-26T14:09:18","slug":"historico-cinco-equipos-espanoles-en-champions","status":"publish","type":"post","link":"http:\/\/desarrollo.grupomedios.com\/futbol\/futbol-internacional\/historico-cinco-equipos-espanoles-en-champions\/2015\/08","title":{"rendered":"Hist\u00f3rico: cinco equipos espa\u00f1oles en Champions"},"content":{"rendered":"<p>La<strong> Champions League 2015-16<\/strong> ser\u00e1 \u00e9pica. Por primera vez habr\u00e1 cinco equipos espa\u00f1oles en una Fase de Grupos. El Valencia fue el \u00faltimo en sellar el pase tras eliminar con global 3-4\u00a0al M\u00f3naco, en\u00a0 su visita al estadio Louis II. Ahora los <em>Ch\u00e9s <\/em>se suman a los clasificados Barcelona, Atl\u00e9tico, Real Madrid y el campe\u00f3n de la Europa League, Sevilla, como los clubes ib\u00e9ricos que har\u00e1n \u00fanico este campeonato.<\/p>\n<p>Valencia fue uno de los que sali\u00f3 avante en la primera jornada de<em> play offs<\/em> y tiene en mano el billete a la Fase de Grupos. Disput\u00f3 una vibrante serie tras ganar en la Ida 3-1 y amortiguar la derrota en el Principado ante el M\u00f3naco, que se qued\u00f3 a la orilla de una remontada tras los goles de Raggi (17&#8242;) y Elderson (75&#8242;). Negredo firm\u00f3 el \u00fanico tanto de los <em>Ch\u00e9s<\/em> con una soberbia vaselina en el arranque del partido y firm\u00f3 el 3-4 que los coloca en la m\u00e1xima competici\u00f3n de clubes.<br \/>\n<iframe loading=\"lazy\" src=\"https:\/\/www.youtube.com\/embed\/ygr6TEAirmQ\" frameborder=\"0\" allowfullscreen=\"allowfullscreen\"><\/iframe><\/p>\n<p><strong>Dinamo Zagreb<\/strong> fue el \u00fanico equipo que logr\u00f3 pasar con holgura la eliminatoria al dejar en la lona al modesto Sk\u00ebnderbeu, conjunto albano que vio truncado el sue\u00f1o de disputar por primera vez una Fase de Grupos tras ser goleado con global de 6-2. Dos de estas dianas las firm\u00f3 Soudani, el h\u00e9roe que abri\u00f3 la cuenta (9&#8242;) y sentenci\u00f3 el 4-1 cuando agonizaba el reloj en el Stadion Maximir.<\/p>\n<p>El <strong>Malmo<\/strong> sueco remont\u00f3 en casa frenta al Celtic despu\u00e9s de haber ca\u00eddo en su visita a Glasgow. Dio un golpe de autoridad en un partido trepidante en el que el portero Wiland baj\u00f3 la cortina y Rosenberg y Carvalho mostraron punter\u00eda para capitalizar las dos jugadas m\u00e1s claras del partido y con ello firmar el 2-0 que dej\u00f3 la serie con global de 4-3.<\/p>\n<p>Los otros dos clubes que recogieron el pasaporte de a Fase de Grupos de Champions fueron <strong>Shaktar<\/strong> y <strong>Tel Aviv<\/strong>. El conjunto ucraniano sud\u00f3 la gota gorda para tronar al Rapid Viena, que buscaba volver a una Fase de Grupos tras una d\u00e9cada de ausencia. Los goles de Marlos y Gladkiy han puesto al club de Donestk en su sexta Fase de Grupos de las \u00faltimas siete ediciones del certamen. Por su parte el conjunto israel\u00ed regresara cinco a\u00f1os despu\u00e9s a esta instancia despu\u00e9s de haber jugado a su favor el cirterio de gol de visitante, toda vez que en la ida consiguieron un 2-2 y en la vuelta empatarona un gol.<\/p>\n<p>&nbsp;<\/p>\n","protected":false},"excerpt":{"rendered":"<p>Valencia y cuatro clubes m\u00e1s superaron los play offs y acceden a Fase de Grupos<\/p>\n","protected":false},"author":20,"featured_media":306087,"comment_status":"open","ping_status":"open","sticky":false,"template":"","format":"standard","meta":[],"categories":[3841,3839,5951],"tags":[36,5954,87],"_links":{"self":[{"href":"http:\/\/desarrollo.grupomedios.com\/futbol\/wp-json\/wp\/v2\/posts\/306038"}],"collection":[{"href":"http:\/\/desarrollo.grupomedios.com\/futbol\/wp-json\/wp\/v2\/posts"}],"about":[{"href":"http:\/\/desarrollo.grupomedios.com\/futbol\/wp-json\/wp\/v2\/types\/post"}],"author":[{"embeddable":true,"href":"http:\/\/desarrollo.grupomedios.com\/futbol\/wp-json\/wp\/v2\/users\/20"}],"replies":[{"embeddable":true,"href":"http:\/\/desarrollo.grupomedios.com\/futbol\/wp-json\/wp\/v2\/comments?post=306038"}],"version-history":[{"count":0,"href":"http:\/\/desarrollo.grupomedios.com\/futbol\/wp-json\/wp\/v2\/posts\/306038\/revisions"}],"wp:featuredmedia":[{"embeddable":true,"href":"http:\/\/desarrollo.grupomedios.com\/futbol\/wp-json\/wp\/v2\/media\/306087"}],"wp:attachment":[{"href":"http:\/\/desarrollo.grupomedios.com\/futbol\/wp-json\/wp\/v2\/media?parent=306038"}],"wp:term":[{"taxonomy":"category","embeddable":true,"href":"http:\/\/desarrollo.grupomedios.com\/futbol\/wp-json\/wp\/v2\/categories?post=306038"},{"taxonomy":"post_tag","embeddable":true,"href":"http:\/\/desarrollo.grupomedios.com\/futbol\/wp-json\/wp\/v2\/tags?post=306038"}],"curies":[{"name":"wp","href":"https:\/\/api.w.org\/{rel}","templated":true}]}}