{"id":306041,"date":"2015-08-25T12:51:20","date_gmt":"2015-08-25T17:51:20","guid":{"rendered":"http:\/\/futboltotal.com.mx\/?p=306041"},"modified":"2015-08-25T12:51:20","modified_gmt":"2015-08-25T17:51:20","slug":"nahuel-guzman-vendedor-de-lujo-en-tigretienda","status":"publish","type":"post","link":"http:\/\/desarrollo.grupomedios.com\/futbol\/videos\/nahuel-guzman-vendedor-de-lujo-en-tigretienda\/2015\/08","title":{"rendered":"Nahuel Guzm\u00e1n, vendedor de lujo en Tigretienda"},"content":{"rendered":"<p>El portero argentino <strong>Nahuel Guzm\u00e1n<\/strong>, jugador de los <strong>Tigres<\/strong>, se olvid\u00f3 por un momento de los guantes de arquero y se convirti\u00f3 en un vendedor de la <em>Tigretienda<\/em>.<\/p>\n<p>Como en la cancha, <strong>Nahuel Guzm\u00e1n<\/strong> tuvo un notable papel como empleado del local. El portero de los <strong>Tigres<\/strong> mostr\u00f3 una buena actitud ante los clientes, por lo que no tard\u00f3 en ser descubierto por algunos fan\u00e1ticos.<\/p>\n<p>Algunos aficionados compraron la playera del equipo y le grabaron el n\u00famero del guardameta, quien accedi\u00f3 a firmarles el jersey sin costo adicional.<\/p>\n<p>&#8220;Es una linda experiencia estar en contacto con la gente. Es bueno saber que nosotros con poquito podemos alegrar a un chico o un hincha. Es lindo poder tener esa experiencia, se disfrut\u00f3 mucho&#8221;, dijo <strong>Nahuel Guzm\u00e1n<\/strong>.<\/p>\n<p><iframe loading=\"lazy\" src=\"https:\/\/www.youtube.com\/embed\/SnK5cjkKRio\" frameborder=\"0\" allowfullscreen=\"allowfullscreen\"><\/iframe><\/p>\n<p>La singular din\u00e1mica fue realizada por el club <strong>Tigres<\/strong>, que comparti\u00f3 en video en sus redes sociales.<\/p>\n","protected":false},"excerpt":{"rendered":"<p>El portero de Tigres se olvid\u00f3 por un momento de los guantes<\/p>\n","protected":false},"author":20,"featured_media":306048,"comment_status":"open","ping_status":"open","sticky":false,"template":"","format":"standard","meta":[],"categories":[2198,3845,4],"tags":[6129,5973],"_links":{"self":[{"href":"http:\/\/desarrollo.grupomedios.com\/futbol\/wp-json\/wp\/v2\/posts\/306041"}],"collection":[{"href":"http:\/\/desarrollo.grupomedios.com\/futbol\/wp-json\/wp\/v2\/posts"}],"about":[{"href":"http:\/\/desarrollo.grupomedios.com\/futbol\/wp-json\/wp\/v2\/types\/post"}],"author":[{"embeddable":true,"href":"http:\/\/desarrollo.grupomedios.com\/futbol\/wp-json\/wp\/v2\/users\/20"}],"replies":[{"embeddable":true,"href":"http:\/\/desarrollo.grupomedios.com\/futbol\/wp-json\/wp\/v2\/comments?post=306041"}],"version-history":[{"count":0,"href":"http:\/\/desarrollo.grupomedios.com\/futbol\/wp-json\/wp\/v2\/posts\/306041\/revisions"}],"wp:featuredmedia":[{"embeddable":true,"href":"http:\/\/desarrollo.grupomedios.com\/futbol\/wp-json\/wp\/v2\/media\/306048"}],"wp:attachment":[{"href":"http:\/\/desarrollo.grupomedios.com\/futbol\/wp-json\/wp\/v2\/media?parent=306041"}],"wp:term":[{"taxonomy":"category","embeddable":true,"href":"http:\/\/desarrollo.grupomedios.com\/futbol\/wp-json\/wp\/v2\/categories?post=306041"},{"taxonomy":"post_tag","embeddable":true,"href":"http:\/\/desarrollo.grupomedios.com\/futbol\/wp-json\/wp\/v2\/tags?post=306041"}],"curies":[{"name":"wp","href":"https:\/\/api.w.org\/{rel}","templated":true}]}}