{"id":306050,"date":"2015-08-25T15:05:07","date_gmt":"2015-08-25T20:05:07","guid":{"rendered":"http:\/\/futboltotal.com.mx\/?p=306050"},"modified":"2015-08-25T15:05:07","modified_gmt":"2015-08-25T20:05:07","slug":"bayern-munich-cambio-el-uniforme","status":"publish","type":"post","link":"http:\/\/desarrollo.grupomedios.com\/futbol\/futbol-internacional\/bayern-munich-cambio-el-uniforme\/2015\/08","title":{"rendered":"Bayern M\u00fanich cambi\u00f3 el uniforme"},"content":{"rendered":"<p>En Alemania est\u00e1 a la vuelta del esquina el<em> Oktoberfest, <\/em>una de las fiest\u00e1s m\u00e1s emblem\u00e1ticas de Baviera dedicada al mundo de la cerveza, y el <strong>Bayern M\u00fanich<\/strong>, actual campe\u00f3n de la Bundesliga, ya form\u00f3 parte en la v\u00edspera de tan importante festividad\u00a0 al cambiar el cl\u00e1sico uniforme deportivo por un traje b\u00e1varo y un vaso de cerveza.<\/p>\n<p>Luego de la pr\u00e1ctica de este d\u00eda, el conjunto muniqu\u00e9s tom\u00f3 parte del festival desde su trinchera y realiz\u00f3 una sesi\u00f3n fotogr\u00e1fica en la que la plantilla y directivos del equipo participaron y pronunciaron el tradicional &#8220;prost&#8221; (salud) con un vaso de cerveza.<\/p>\n<p>Como es habitual, los b\u00e1varos participar\u00e1n en este festival a celebrarse en el campo conocido como Theresienwiese (Prado de Teresa) a partir del pr\u00f3ximo mes de septiembre y cuya duraci\u00f3n ser\u00e1 de 18 d\u00edas.<\/p>\n<blockquote class=\"twitter-tweet\" lang=\"es\">\n<p dir=\"ltr\" lang=\"de\">Raus aus den Trainingsanz\u00fcgen und rein in die Tracht! Die FCB-Profis beim <a href=\"https:\/\/twitter.com\/hashtag\/Paulaner?src=hash\">#Paulaner<\/a>-Shooting. <a href=\"https:\/\/t.co\/oVDACWoq4n\">https:\/\/t.co\/oVDACWoq4n<\/a><\/p>\n<p>\u2014 FC Bayern M\u00fcnchen (@FCBayern) <a href=\"https:\/\/twitter.com\/FCBayern\/status\/636145167859322880\">agosto 25, 2015<\/a><\/p><\/blockquote>\n<p><script src=\"\/\/platform.twitter.com\/widgets.js\" async=\"\" charset=\"utf-8\"><\/script><\/p>\n","protected":false},"excerpt":{"rendered":"<p>El Bayern se adelanta al Oktoberfest y aparece con el cl\u00e1sico traje b\u00e1varo<\/p>\n","protected":false},"author":20,"featured_media":306055,"comment_status":"open","ping_status":"open","sticky":false,"template":"","format":"standard","meta":[],"categories":[3839],"tags":[2056],"_links":{"self":[{"href":"http:\/\/desarrollo.grupomedios.com\/futbol\/wp-json\/wp\/v2\/posts\/306050"}],"collection":[{"href":"http:\/\/desarrollo.grupomedios.com\/futbol\/wp-json\/wp\/v2\/posts"}],"about":[{"href":"http:\/\/desarrollo.grupomedios.com\/futbol\/wp-json\/wp\/v2\/types\/post"}],"author":[{"embeddable":true,"href":"http:\/\/desarrollo.grupomedios.com\/futbol\/wp-json\/wp\/v2\/users\/20"}],"replies":[{"embeddable":true,"href":"http:\/\/desarrollo.grupomedios.com\/futbol\/wp-json\/wp\/v2\/comments?post=306050"}],"version-history":[{"count":0,"href":"http:\/\/desarrollo.grupomedios.com\/futbol\/wp-json\/wp\/v2\/posts\/306050\/revisions"}],"wp:featuredmedia":[{"embeddable":true,"href":"http:\/\/desarrollo.grupomedios.com\/futbol\/wp-json\/wp\/v2\/media\/306055"}],"wp:attachment":[{"href":"http:\/\/desarrollo.grupomedios.com\/futbol\/wp-json\/wp\/v2\/media?parent=306050"}],"wp:term":[{"taxonomy":"category","embeddable":true,"href":"http:\/\/desarrollo.grupomedios.com\/futbol\/wp-json\/wp\/v2\/categories?post=306050"},{"taxonomy":"post_tag","embeddable":true,"href":"http:\/\/desarrollo.grupomedios.com\/futbol\/wp-json\/wp\/v2\/tags?post=306050"}],"curies":[{"name":"wp","href":"https:\/\/api.w.org\/{rel}","templated":true}]}}