{"id":306083,"date":"2015-08-25T16:28:54","date_gmt":"2015-08-25T21:28:54","guid":{"rendered":"http:\/\/futboltotal.com.mx\/?p=306083"},"modified":"2015-08-25T16:29:55","modified_gmt":"2015-08-25T21:29:55","slug":"dida-sorprende-a-sus-41-anos","status":"publish","type":"post","link":"http:\/\/desarrollo.grupomedios.com\/futbol\/videos\/dida-sorprende-a-sus-41-anos\/2015\/08","title":{"rendered":"Dida sorprende a sus 41 a\u00f1os"},"content":{"rendered":"<p>La calidad no tiene fecha de caducidad.<strong> Dida <\/strong>demuestra a la perfecci\u00f3n la premisa con sus entrenamientos subidos de intensidad y atajadas felinas que se han vuelto virales en redes. <\/p>\n<p>Con 41 a\u00f1os el guardameta del Internacional no piensa retirarse y todo, a pesar de no ser titular con la entidad de Porto Alegre. <strong>Dida<\/strong> aguanta los brutales entrenamientos y hace gala de sus portentosas habilidades, mismas que exhibe desde el a\u00f1o 1992 y con algunos de los mejores combinados de la historia como el Brasil o el Mil\u00e1n de la d\u00e9cada anterior entre sus momentos m\u00e1s brillantes. <\/p>\n<p><iframe loading=\"lazy\" src=\"https:\/\/www.youtube.com\/embed\/JBkem7dB1fY\" frameborder=\"0\" allowfullscreen><\/iframe><\/p>\n","protected":false},"excerpt":{"rendered":"<p>El experimentado brasile\u00f1o hace atajadas impresionantes en el el entrenamiento del Internacional <\/p>\n","protected":false},"author":20,"featured_media":306089,"comment_status":"open","ping_status":"open","sticky":false,"template":"","format":"standard","meta":[],"categories":[4],"tags":[6130,4863],"_links":{"self":[{"href":"http:\/\/desarrollo.grupomedios.com\/futbol\/wp-json\/wp\/v2\/posts\/306083"}],"collection":[{"href":"http:\/\/desarrollo.grupomedios.com\/futbol\/wp-json\/wp\/v2\/posts"}],"about":[{"href":"http:\/\/desarrollo.grupomedios.com\/futbol\/wp-json\/wp\/v2\/types\/post"}],"author":[{"embeddable":true,"href":"http:\/\/desarrollo.grupomedios.com\/futbol\/wp-json\/wp\/v2\/users\/20"}],"replies":[{"embeddable":true,"href":"http:\/\/desarrollo.grupomedios.com\/futbol\/wp-json\/wp\/v2\/comments?post=306083"}],"version-history":[{"count":0,"href":"http:\/\/desarrollo.grupomedios.com\/futbol\/wp-json\/wp\/v2\/posts\/306083\/revisions"}],"wp:featuredmedia":[{"embeddable":true,"href":"http:\/\/desarrollo.grupomedios.com\/futbol\/wp-json\/wp\/v2\/media\/306089"}],"wp:attachment":[{"href":"http:\/\/desarrollo.grupomedios.com\/futbol\/wp-json\/wp\/v2\/media?parent=306083"}],"wp:term":[{"taxonomy":"category","embeddable":true,"href":"http:\/\/desarrollo.grupomedios.com\/futbol\/wp-json\/wp\/v2\/categories?post=306083"},{"taxonomy":"post_tag","embeddable":true,"href":"http:\/\/desarrollo.grupomedios.com\/futbol\/wp-json\/wp\/v2\/tags?post=306083"}],"curies":[{"name":"wp","href":"https:\/\/api.w.org\/{rel}","templated":true}]}}