{"id":306323,"date":"2015-08-26T12:40:11","date_gmt":"2015-08-26T17:40:11","guid":{"rendered":"http:\/\/futboltotal.com.mx\/?p=306323"},"modified":"2015-08-26T13:00:02","modified_gmt":"2015-08-26T18:00:02","slug":"oficial-roque-regresa-al-malaga","status":"publish","type":"post","link":"http:\/\/desarrollo.grupomedios.com\/futbol\/futbol-mexicano\/oficial-roque-regresa-al-malaga\/2015\/08","title":{"rendered":"OFICIAL: Roque regresa al M\u00e1laga"},"content":{"rendered":"<p>La directiva de <strong>Cruz Azul<\/strong> confirm\u00f3 la salida de <strong>Roque Santa Cruz<\/strong>. Este mi\u00e9rcoles, el gerente deportivo de la <em>M\u00e1quina<\/em>, Agust\u00edn Manzo, dio a conocer que el delantero paraguayo regresar\u00e1 al <strong>M\u00e1laga<\/strong>, luego de estar solamente seis meses en la entidad <em>cementera<\/em>.<\/p>\n<p>\u201c<strong>Roque <\/strong>se va a pr\u00e9stamo por un a\u00f1o al <strong>M\u00e1laga<\/strong>. Ya se firmaron los contratos\u201d, se\u00f1al\u00f3 el dirigente. Y as\u00ed, se confirma el regreso del guaran\u00ed al los\u00a0boquerones, escuadra con que del 2012 al 2014 disput\u00f3\u00a090 juegos y marc\u00f3 23 goles.<\/p>\n<p><strong>Roque Santa Cruz<\/strong> se lesion\u00f3 en la pasada Copa Am\u00e9rica, situaci\u00f3n que lo alejar\u00eda de las canchas por 10 semanas -reporte que se dio a conocer el pasado 18 de julio-. Ante ese panorama, <strong>Cruz Azul<\/strong> no quiso correr riesgos y decidi\u00f3 no registrarlo para el presente Apertura 2015, por lo que el delantero paraguayo se quedar\u00eda sin jugar por los pr\u00f3ximos seis meses en M\u00e9xico.<\/p>\n<p>Cabe apuntar que el atacante <em>guaran\u00ed<\/em> apenas disput\u00f3 631 minutos del certamen anterior, pero a pesar de esta situaci\u00f3n fue el mejor goleador de <strong>Cruz Azul<\/strong>, al incrustar cuatro veces la redonda en el arco ajeno.<\/p>\n<p>Por otra parte, Agust\u00edn Manzo apunt\u00f3 que como parte de la negociaci\u00f3n con el <strong>M\u00e1laga<\/strong>, se buscar\u00e1 cerrar un partido amistoso contra el conjunto espa\u00f1ol en el pr\u00f3ximo mes de noviembre.<\/p>\n<p>[video_player]https:\/\/player.vimeo.com\/external\/136871111.hd.mp4?s=ad2321172cddb1fcbe82a511eb290d26&amp;profile_id=113[\/video_player]<\/p>\n","protected":false},"excerpt":{"rendered":"<p>Cruz Azul negoci\u00f3 el pr\u00e9stamo por un a\u00f1o del paraguayo<\/p>\n","protected":false},"author":20,"featured_media":306324,"comment_status":"open","ping_status":"open","sticky":false,"template":"","format":"standard","meta":[],"categories":[2198,3844,3845],"tags":[5962,306,650],"_links":{"self":[{"href":"http:\/\/desarrollo.grupomedios.com\/futbol\/wp-json\/wp\/v2\/posts\/306323"}],"collection":[{"href":"http:\/\/desarrollo.grupomedios.com\/futbol\/wp-json\/wp\/v2\/posts"}],"about":[{"href":"http:\/\/desarrollo.grupomedios.com\/futbol\/wp-json\/wp\/v2\/types\/post"}],"author":[{"embeddable":true,"href":"http:\/\/desarrollo.grupomedios.com\/futbol\/wp-json\/wp\/v2\/users\/20"}],"replies":[{"embeddable":true,"href":"http:\/\/desarrollo.grupomedios.com\/futbol\/wp-json\/wp\/v2\/comments?post=306323"}],"version-history":[{"count":0,"href":"http:\/\/desarrollo.grupomedios.com\/futbol\/wp-json\/wp\/v2\/posts\/306323\/revisions"}],"wp:featuredmedia":[{"embeddable":true,"href":"http:\/\/desarrollo.grupomedios.com\/futbol\/wp-json\/wp\/v2\/media\/306324"}],"wp:attachment":[{"href":"http:\/\/desarrollo.grupomedios.com\/futbol\/wp-json\/wp\/v2\/media?parent=306323"}],"wp:term":[{"taxonomy":"category","embeddable":true,"href":"http:\/\/desarrollo.grupomedios.com\/futbol\/wp-json\/wp\/v2\/categories?post=306323"},{"taxonomy":"post_tag","embeddable":true,"href":"http:\/\/desarrollo.grupomedios.com\/futbol\/wp-json\/wp\/v2\/tags?post=306323"}],"curies":[{"name":"wp","href":"https:\/\/api.w.org\/{rel}","templated":true}]}}