{"id":306329,"date":"2015-08-29T17:09:55","date_gmt":"2015-08-29T22:09:55","guid":{"rendered":"http:\/\/futboltotal.com.mx\/?p=306329"},"modified":"2015-08-29T19:02:54","modified_gmt":"2015-08-30T00:02:54","slug":"en-vivo-cruz-azul-vs-america-liga-mx","status":"publish","type":"post","link":"http:\/\/desarrollo.grupomedios.com\/futbol\/futbol-mexicano\/en-vivo-cruz-azul-vs-america-liga-mx\/2015\/08","title":{"rendered":"As\u00ed se vivi\u00f3 | Cruz Azul 0-2 Am\u00e9rica"},"content":{"rendered":"<p><span style=\"color: #ff0000;\">93:00<\/span> | <a href=\"http:\/\/www.unefon.com.mx\/unefon-flex.html\" target=\"_blank\">UNEFON Informa<\/a>:\u00a0Final, Am\u00e9rica vence al Cruz Azul y de paso le tiende la cama a Sergio Bueno que podr\u00eda perder su cargo.<\/p>\n<p><span style=\"color: #ff0000;\">90:00<\/span> | Se agregan tres minutos.<\/p>\n<p><span style=\"color: #ff0000;\">87:00<\/span> | La M\u00e1quina lo intenta, pero no se ve por d\u00f3nde pueda acortar distancia. \u00bfSer\u00e1 todo para Sergio Bueno en la Noria?<\/p>\n<p><span style=\"color: #ff0000;\">84:00<\/span> | Cambio del Am\u00e9rica, se va Osvaldito e ingresa Daniel Guerrero.<\/p>\n<p><span style=\"color: #ff0000;\">79:00<\/span> | Con todos los cambios hechos, se ve complicada la remontada del Cruz Azul.<\/p>\n<p><span style=\"color: #ff0000;\">76:00<\/span> |\u00a0<a href=\"http:\/\/www.unefon.com.mx\/unefon-flex.html\" target=\"_blank\">UNEFON Informa<\/a>: Benedetto hizo su s\u00e9ptimo gol del torneo. Con esta diana sali\u00f3 del juego e ingres\u00f3 Michael Arroyo.<\/p>\n<p><span style=\"color: #ff0000;\">75:00<\/span> | Goooooooool del Am\u00e9rica. Chuy pas\u00f3 de h\u00e9roe a villano, nuevamente un error se reflej\u00f3 en el marcador, porque se precipit\u00f3 y sali\u00f3 a cortar a Benedetto que con facilidad se lo quit\u00f3 y puso el segundo de la tarde.<\/p>\n<p><span style=\"color: #ff0000;\">72:00<\/span> | Atajad\u00f3n de Chuy, evit\u00f3 el segundo en la l\u00ednea de meta.<\/p>\n<p><span style=\"color: #ff0000;\">71:00<\/span> | Vuoso y Fabio comienzan a ser la dupla m\u00e1s peligrosa de la M\u00e1quina.<\/p>\n<p><span style=\"color: #ff0000;\">69:00<\/span> | Oribe comand\u00f3 el contragolpe, pero fall\u00f3 en el pase a Paul.<\/p>\n<p><span style=\"color: #ff0000;\">67:00<\/span> | Benedetto ten\u00eda el segundo, pero Corona le gan\u00f3 el mano a mano.<\/p>\n<p><span style=\"color: #ff0000;\">65:00<\/span> | Cambio del Cruz Azul, se va Crosas por lesi\u00f3n e ingresa Jorge Ben\u00edtez.<\/p>\n<p><span style=\"color: #ff0000;\">64:00<\/span> | \u00a1Uy! Crosas cay\u00f3 muy mal y se duele del cuello, podr\u00eda salir por lesi\u00f3n.<\/p>\n<p><span style=\"color: #ff0000;\">59:00<\/span> | Vuoso recort\u00f3 se la dej\u00f3 al Chaco, pero este la estrell\u00f3 en la defensa.<\/p>\n<p><span style=\"color: #ff0000;\">54:00<\/span> | Las \u00c1guilas dominan el juego.<\/p>\n<p><span style=\"color: #ff0000;\">51:00<\/span> | Moi demostr\u00f3 su calidad para quedarse con la pelota.<\/p>\n<p><span style=\"color: #ff0000;\">48:00<\/span> |\u00a0<a href=\"http:\/\/www.unefon.com.mx\/unefon-flex.html\" target=\"_blank\">UNEFON Informa<\/a>: Con esta anotaci\u00f3n el Cepillo sum\u00f3 su cuarto gol en el torneo.46:<\/p>\n<p><span style=\"color: #ff0000;\">46:00<\/span> | Gooooooool del Am\u00e9rica. Las \u00c1guilas triangularon y apareci\u00f3 solo en el \u00e1rea remat\u00f3 a puerta abierta, porque Chuy se perdi\u00f3 en la jugada.<\/p>\n<p><span style=\"color: #ff0000;\">45:00<\/span> | Inicia el segundo tiempo.<\/p>\n<p><span style=\"color: #ff0000;\">45:00<\/span> |\u00a0<a href=\"http:\/\/www.unefon.com.mx\/unefon-flex.html\" target=\"_blank\">UNEFON Informa<\/a>: Acaba el primer tiempo. Cruz Azul y Am\u00e9rica tuvieron jugadas claras, pero la contundencia no se ha hecho presente en el estadio Azul.<\/p>\n<p><span style=\"color: #ff0000;\">43:00<\/span> | Vuosazo, el Toro la ten\u00eda plena para impactarla con todo, pero abanic\u00f3 y se perdi\u00f3 el primer gol cementero.<\/p>\n<p><span style=\"color: #ff0000;\">40:00<\/span> | Nada para nadie, los dos equipos son incapaces de pasar tres cuartos de cancha con pelota dominada.<\/p>\n<p><span style=\"color: #ff0000;\">36:00<\/span> | En los \u00faltimos minutos el juego se apag\u00f3, los ataques son tibios.<\/p>\n<p><span style=\"color: #ff0000;\">32:00<\/span> | Pablo Aguilar remat\u00f3 con la cabeza pero su intento no careci\u00f3 de direcci\u00f3n.<\/p>\n<p><span style=\"color: #ff0000;\">29:00<\/span> | Jugad\u00f3n de Aguilar, Baca mand\u00f3 centro retrasado, pero el zaguero azulcrema alcanz\u00f3 a cortar el peligro.<\/p>\n<p><span style=\"color: #ff0000;\">25:44<\/span> | Desde atr\u00e1s de media cancha, los Celestes tocaron hasta llegar \u00a0a los linderos del \u00e1rea rival, sin embargo, Silva se volvi\u00f3 loco y le peg\u00f3 horrible.<\/p>\n<p><span style=\"color: #ff0000;\">24:00<\/span> | Sambueza se gan\u00f3 la primera amarilla del partido por una patada sobre Joao Rojas.<\/p>\n<p><span style=\"color: #ff0000;\">21:00<\/span> | Benedetto se quit\u00f3 a dos zagueros, pero lleg\u00f3 un tercero para robarle el esf\u00e9rico.<\/p>\n<p><span style=\"color: #ff0000;\">18:35<\/span> | <span style=\"color: #ff0000;\"><a href=\"http:\/\/www.unefon.com.mx\/unefon-flex.html\" target=\"_blank\">UNEFON Informa<\/a><\/span>: Joao Rojas arm\u00f3 la m\u00e1s peligrosa hasta el momento, se quit\u00f3 a tres defensas, recort\u00f3 pero su centro lo detuvo Moi Mu\u00f1oz.<\/p>\n<p><span style=\"color: #ff0000;\">17:45<\/span> | Vuoso comand\u00f3 el contragolpe, pero se engolosin\u00f3 y su disparo se fue por un lado.<\/p>\n<p><span style=\"color: #ff0000;\">17:00<\/span> | Paul Aguilar la prendi\u00f3 con toda su fuerza pero Corona hizo un atajad\u00f3n.<\/p>\n<p><span style=\"color: #ff0000;\">14:00<\/span> | \u00bfUy! Qu\u00e9 jugada arm\u00f3 la M\u00e1quina, Baca recuper\u00f3 en media cancha, se la cedi\u00f3 a Vuoso y este lo dej\u00f3 mano a mano contra Mu\u00f1oz, al final se impuso el portero.<\/p>\n<p><span style=\"color: #ff0000;\">13:00<\/span> | El juego se torn\u00f3 en una pelea por el medio campo.<\/p>\n<p><span style=\"color: #ff0000;\">09:00<\/span> | Benedetto peleaba para ganar la pelota y provocar el mano a mano, pero Chuy Corona sali\u00f3 a lo Manuel Neuer y acab\u00f3 con el peligro.<\/p>\n<p><span style=\"color: #ff0000;\">08:00<\/span> | Cruz Azul se anima a atacar. Ru\u00edz juega por la derecha pero no logra sacar el centro.<\/p>\n<p><span style=\"color: #ff0000;\">05:00<\/span> | La M\u00e1quina pas\u00f3 el medio campo gracias al desborde de Vuoso que provoc\u00f3 tiro de esquina que no trascendi\u00f3.<\/p>\n<p><span style=\"color: #ff0000;\">04:00<\/span> | Am\u00e9rica tuvo el primer tiro libre, pero el centro de Sambueza se fue lejos.<\/p>\n<p><span style=\"color: #ff0000;\">02:00<\/span> | En las primeras acciones del juego, las \u00c1guilas presionan en el \u00e1rea cementera.<\/p>\n<p><span style=\"color: #ff0000;\">00:00<\/span> | Arranca el partido.<\/p>\n<p>Comienza el protocolo de la Liga MX.<\/p>\n<p>Alineaci\u00f3n Am\u00e9rica:\u00a0Mu\u00f1oz, Paul Aguilar, Pablo Aguilar, Goltz, Samudio, G\u00fc\u00e9mez, Sambueza, Mart\u00ednez, Andrade, Oribe y Benedetto.<\/p>\n<p>Alineaci\u00f3n Cruz Azul:\u00a0Corona, Maza, Pinto, Loeschbor, Santos, Ru\u00edz, Silva, Crosas, Baca, Vuoso y Rojas.<\/p>\n<p><span style=\"color: #ff0000;\"><a href=\"http:\/\/www.unefon.com.mx\/unefon-flex.html\" target=\"_blank\">UNEFON informa<\/a><\/span>: Las alineaciones de los equipos.<\/p>\n<p>Los equipos ingresaron por el estacionamiento de la Plaza de Toros. <strong>Cruz Azul<\/strong> llega al estadio: Y los locales llegaron con Torrado cantando desde el cami\u00f3n. <a href=\"https:\/\/twitter.com\/futboltotal\">@futboltotal<\/a> <a href=\"http:\/\/t.co\/YPlHds8Myk\">pic.twitter.com\/YPlHds8Myk<\/a> \u2014 Clau Olmedo (@Mimissma) <a href=\"https:\/\/twitter.com\/Mimissma\/status\/637732366492921856\">agosto 29, 2015<\/a><script src=\"\/\/platform.twitter.com\/widgets.js\" async=\"\" charset=\"utf-8\"><\/script><strong>Am\u00e9rica<\/strong> llega al estadio: As\u00ed llegaron las \u00c1guilas al Azul. <a href=\"https:\/\/twitter.com\/futboltotal\">@futboltotal<\/a> <a href=\"http:\/\/t.co\/1zfXTYpDoH\">pic.twitter.com\/1zfXTYpDoH<\/a> \u2014 Clau Olmedo (@Mimissma) <a href=\"https:\/\/twitter.com\/Mimissma\/status\/637731621563531265\">agosto 29, 2015<\/a><script src=\"\/\/platform.twitter.com\/widgets.js\" async=\"\" charset=\"utf-8\"><\/script><\/p>\n<p><strong>Cruz Azul FC<\/strong> | <span style=\"color: #ff0000;\"><a style=\"color: #ff0000;\" href=\"https:\/\/twitter.com\/Cruz_Azul_FC\">@Cruz_Azul_FC<\/a><\/span> | \u00bfCu\u00e1l es tu pron\u00f3stico para el #Cl\u00e1sicoJoven?<\/p>\n<p><a href=\"http:\/\/futboltotal.com.mx\/wp-content\/uploads\/2015\/08\/azul_1.jpg\"><img decoding=\"async\" loading=\"lazy\" class=\"aligncenter size-full wp-image-307315\" src=\"http:\/\/futboltotal.com.mx\/wp-content\/uploads\/2015\/08\/azul_1.jpg\" alt=\"azul_1\" srcset=\"http:\/\/desarrollo.grupomedios.com\/futbol\/wp-content\/uploads\/2015\/08\/azul_1.jpg 600w, http:\/\/desarrollo.grupomedios.com\/futbol\/wp-content\/uploads\/2015\/08\/azul_1-300x78.jpg 300w\" sizes=\"(max-width: 600px) 100vw, 600px\" \/><\/a> <a href=\"http:\/\/futboltotal.com.mx\/wp-content\/uploads\/2015\/08\/azul.jpg\"><img decoding=\"async\" loading=\"lazy\" class=\"aligncenter size-full wp-image-307316\" src=\"http:\/\/futboltotal.com.mx\/wp-content\/uploads\/2015\/08\/azul.jpg\" alt=\"azul\" srcset=\"http:\/\/desarrollo.grupomedios.com\/futbol\/wp-content\/uploads\/2015\/08\/azul.jpg 600w, http:\/\/desarrollo.grupomedios.com\/futbol\/wp-content\/uploads\/2015\/08\/azul-300x118.jpg 300w\" sizes=\"(max-width: 600px) 100vw, 600px\" \/><\/a><\/p>\n<p><strong>Club Am\u00e9rica<\/strong> | <a href=\"https:\/\/twitter.com\/CF_America\"><span style=\"color: #ff0000;\">@CF_America<\/span><\/a> | #Cl\u00e1sicoJoven Frente a frente <em>Chaco<\/em> Gim\u00e9nez vs. Oribe Peralta.<\/p>\n<p><a href=\"http:\/\/futboltotal.com.mx\/wp-content\/uploads\/2015\/08\/cara_a_cara_chaco_oribe.jpg\"><img decoding=\"async\" loading=\"lazy\" class=\"aligncenter wp-image-307313\" src=\"http:\/\/futboltotal.com.mx\/wp-content\/uploads\/2015\/08\/cara_a_cara_chaco_oribe.jpg\" alt=\"cara_a_cara_chaco_oribe\" srcset=\"http:\/\/desarrollo.grupomedios.com\/futbol\/wp-content\/uploads\/2015\/08\/cara_a_cara_chaco_oribe.jpg 1209w, http:\/\/desarrollo.grupomedios.com\/futbol\/wp-content\/uploads\/2015\/08\/cara_a_cara_chaco_oribe-252x300.jpg 252w, http:\/\/desarrollo.grupomedios.com\/futbol\/wp-content\/uploads\/2015\/08\/cara_a_cara_chaco_oribe-861x1024.jpg 861w\" sizes=\"(max-width: 600px) 100vw, 600px\" \/><\/a><\/p>\n<p>Lleg\u00f3 la hora del primer Cl\u00e1sico del <strong>Apertura 2015<\/strong>. Este s\u00e1bado a las\u00a017:00 horas, la <em>M\u00e1quina<\/em> de\u00a0<strong>Cruz Azul<\/strong> recibir\u00e1 a las <em>\u00c1guilas<\/em> del <strong>Am\u00e9rica<\/strong>, en una edici\u00f3n m\u00e1s del denominado <strong>Cl\u00e1sico Joven<\/strong>.<\/p>\n<p>Para\u00a0el duelo correspondiente a la jornada 7 de la <strong>Liga MX<\/strong>, las escuadras llegan\u00a0ante\u00a0panoramas bien\u00a0diferente en la justa <em>azteca<\/em>:\u00a0los <em>celestes<\/em>\u00a0buscar\u00e1n salir del bache de tres derrotas al hilo, mientras que los <em>azulcrema<\/em>\u00a0intentar\u00e1n\u00a0alargar su racha de cuatro partidos con victoria.<\/p>\n<p>En la presente campa\u00f1a,\u00a0<strong>Cruz Azul<\/strong>\u00a0apenas ha sumado 6 unidades,\u00a0despu\u00e9s de 2 victorias y 4 derrotas. Estos n\u00fameros tienen a los <em>cementeros<\/em>, comandados por Sergio Bueno, en el lugar n\u00famero 14 de la clasificaci\u00f3n general.<\/p>\n<p>En tanto, <strong>Am\u00e9rica<\/strong>\u00a0est\u00e1 en plan grande, el equipo dirigido por Ignacio Ambriz suma 6 victorias consecutivas contando los duelos disputados en la <strong>Liga MX<\/strong> y en la <strong>Concachampions<\/strong>. Las <em>\u00c1guilas<\/em> ocupan el tercer lugar de la tabla con 12 puntos, 15 goles a favor y 8 en contra.<\/p>\n<p>La \u00faltima vez que estas dos escuadras se encontraron en el terreo de juego fue el 4 de abril de 2015. Este duelo dio como resultado una victoria americanista por la m\u00ednima diferencia, Oribe Peralta fue quien al arranque del segundo tiempo marc\u00f3 con un remate de cabeza para darle los tres puntos a los nuestros.<\/p>\n<p><a href=\"http:\/\/futboltotal.com.mx\/wp-content\/uploads\/2015\/08\/comparativo_cruz_azul_america.jpg\"><img decoding=\"async\" loading=\"lazy\" class=\"aligncenter size-full wp-image-306332\" src=\"http:\/\/futboltotal.com.mx\/wp-content\/uploads\/2015\/08\/comparativo_cruz_azul_america.jpg\" alt=\"comparativo_cruz_azul_america\" srcset=\"http:\/\/desarrollo.grupomedios.com\/futbol\/wp-content\/uploads\/2015\/08\/comparativo_cruz_azul_america.jpg 700w, http:\/\/desarrollo.grupomedios.com\/futbol\/wp-content\/uploads\/2015\/08\/comparativo_cruz_azul_america-300x148.jpg 300w\" sizes=\"(max-width: 700px) 100vw, 700px\" \/><\/a><\/p>\n<p>S\u00e1bado 29 de agosto de 2015 |\u00a017:00\u00a0horas |\u00a0Estadio Azul | \u00c1rbitro:\u00a0Roberto Garc\u00eda Orozco<\/p>\n<p>[video_player]https:\/\/player.vimeo.com\/external\/137298893.hd.mp4?s=36ec8e88f35485bcb9346589f7d5f820&amp;profile_id=113[\/video_player]<\/p>\n","protected":false},"excerpt":{"rendered":"<p>Oribe Peralta y Dar\u00edo Benedetto firmaron el triunfo de las \u00c1guilas<\/p>\n","protected":false},"author":20,"featured_media":307439,"comment_status":"open","ping_status":"open","sticky":false,"template":"","format":"standard","meta":[],"categories":[2198,3845],"tags":[5959,5962,5928],"_links":{"self":[{"href":"http:\/\/desarrollo.grupomedios.com\/futbol\/wp-json\/wp\/v2\/posts\/306329"}],"collection":[{"href":"http:\/\/desarrollo.grupomedios.com\/futbol\/wp-json\/wp\/v2\/posts"}],"about":[{"href":"http:\/\/desarrollo.grupomedios.com\/futbol\/wp-json\/wp\/v2\/types\/post"}],"author":[{"embeddable":true,"href":"http:\/\/desarrollo.grupomedios.com\/futbol\/wp-json\/wp\/v2\/users\/20"}],"replies":[{"embeddable":true,"href":"http:\/\/desarrollo.grupomedios.com\/futbol\/wp-json\/wp\/v2\/comments?post=306329"}],"version-history":[{"count":0,"href":"http:\/\/desarrollo.grupomedios.com\/futbol\/wp-json\/wp\/v2\/posts\/306329\/revisions"}],"wp:featuredmedia":[{"embeddable":true,"href":"http:\/\/desarrollo.grupomedios.com\/futbol\/wp-json\/wp\/v2\/media\/307439"}],"wp:attachment":[{"href":"http:\/\/desarrollo.grupomedios.com\/futbol\/wp-json\/wp\/v2\/media?parent=306329"}],"wp:term":[{"taxonomy":"category","embeddable":true,"href":"http:\/\/desarrollo.grupomedios.com\/futbol\/wp-json\/wp\/v2\/categories?post=306329"},{"taxonomy":"post_tag","embeddable":true,"href":"http:\/\/desarrollo.grupomedios.com\/futbol\/wp-json\/wp\/v2\/tags?post=306329"}],"curies":[{"name":"wp","href":"https:\/\/api.w.org\/{rel}","templated":true}]}}