{"id":306423,"date":"2015-08-26T15:45:35","date_gmt":"2015-08-26T20:45:35","guid":{"rendered":"http:\/\/futboltotal.com.mx\/?p=306423"},"modified":"2015-08-26T15:45:35","modified_gmt":"2015-08-26T20:45:35","slug":"presentan-balon-oficial-de-la-champions-2015-16","status":"publish","type":"post","link":"http:\/\/desarrollo.grupomedios.com\/futbol\/galerias\/presentan-balon-oficial-de-la-champions-2015-16\/2015\/08","title":{"rendered":"Presentan bal\u00f3n oficial de la Champions 2015-16"},"content":{"rendered":"<p>Previo al d\u00eda del sorteo de la Fase de Grupos de la <strong>UEFA Champions League 2015-16<\/strong>, <strong>adidas<\/strong> present\u00f3 el <strong>Finale 15<\/strong>, <strong>bal\u00f3n oficial<\/strong> que ser\u00e1 utilizado a lo largo de la primera etapa de esta temporada de la justa m\u00e1s prestigiosa de clubes de <strong>Europa<\/strong>.<\/p>\n<p>El <strong>adidas Final 15<\/strong> contin\u00faa presumiendo el tradicional y famoso panel de estrella, pero en esta ocasi\u00f3n con un giro, presentando una reinterpretaci\u00f3n de los elementos contenidos en el escudo de la ciudad de Mil\u00e1n, la locaci\u00f3n para la Final de la presente <strong>Champions League<\/strong>.<\/p>\n<p>Las estrellas del predominante <strong>bal\u00f3n<\/strong> blanco vienen en impactantes tonos azules, los cuales tienen un distintivo elemento de piel de serpiente. Adicionalmente, estas tambi\u00e9n presentan referencias a los colores de la EXPO -Exposici\u00f3n Universal a llevarse a cabo en Mil\u00e1n este a\u00f1o-.<\/p>\n<div id=\"gallerylQF\" style=\"display:none;\"><img alt=\"Bal\u00f3n oficial Champions\" src=\"http:\/\/desarrollo.grupomedios.com\/futbol\/wp-content\/uploads\/2015\/08\/balon_oficial_champions_adidas_1.jpg\" data-image=\"http:\/\/desarrollo.grupomedios.com\/futbol\/wp-content\/uploads\/2015\/08\/balon_oficial_champions_adidas_1.jpg\" data-description=\"balon_oficial_champions_adidas_1\"><img alt=\"Bal\u00f3n oficial Champions\" src=\"http:\/\/desarrollo.grupomedios.com\/futbol\/wp-content\/uploads\/2015\/08\/balon_oficial_champions_adidas_2.jpg\" data-image=\"http:\/\/desarrollo.grupomedios.com\/futbol\/wp-content\/uploads\/2015\/08\/balon_oficial_champions_adidas_2.jpg\" data-description=\"balon_oficial_champions_adidas_2\"><img alt=\"Bal\u00f3n oficial Champions\" src=\"http:\/\/desarrollo.grupomedios.com\/futbol\/wp-content\/uploads\/2015\/08\/balon_oficial_champions_adidas_3.jpg\" data-image=\"http:\/\/desarrollo.grupomedios.com\/futbol\/wp-content\/uploads\/2015\/08\/balon_oficial_champions_adidas_3.jpg\" data-description=\"balon_oficial_champions_adidas_3\"><img alt=\"Bal\u00f3n oficial Champions\" src=\"http:\/\/desarrollo.grupomedios.com\/futbol\/wp-content\/uploads\/2015\/08\/balon_oficial_champions_adidas_4.jpg\" data-image=\"http:\/\/desarrollo.grupomedios.com\/futbol\/wp-content\/uploads\/2015\/08\/balon_oficial_champions_adidas_4.jpg\" data-description=\"balon_oficial_champions_adidas_4\"><\/div>\n        <script>\n        \/\/galeria 1\n        jQuery(document).ready(function(){ \n            var api;\n            api = jQuery(\"#gallerylQF\").unitegallery({\n                carousel_autoplay: false\n            }); \n        });\n        <\/script>\n        \n<p><em>Informaci\u00f3n e im\u00e1genes de adidas<\/em><\/p>\n","protected":false},"excerpt":{"rendered":"<p>El adidas Finale 15 rodar\u00e1 en la Fase de Grupos de la justa<\/p>\n","protected":false},"author":20,"featured_media":306430,"comment_status":"open","ping_status":"open","sticky":false,"template":"","format":"standard","meta":[],"categories":[3841,3839,3],"tags":[1560,5772,97],"_links":{"self":[{"href":"http:\/\/desarrollo.grupomedios.com\/futbol\/wp-json\/wp\/v2\/posts\/306423"}],"collection":[{"href":"http:\/\/desarrollo.grupomedios.com\/futbol\/wp-json\/wp\/v2\/posts"}],"about":[{"href":"http:\/\/desarrollo.grupomedios.com\/futbol\/wp-json\/wp\/v2\/types\/post"}],"author":[{"embeddable":true,"href":"http:\/\/desarrollo.grupomedios.com\/futbol\/wp-json\/wp\/v2\/users\/20"}],"replies":[{"embeddable":true,"href":"http:\/\/desarrollo.grupomedios.com\/futbol\/wp-json\/wp\/v2\/comments?post=306423"}],"version-history":[{"count":0,"href":"http:\/\/desarrollo.grupomedios.com\/futbol\/wp-json\/wp\/v2\/posts\/306423\/revisions"}],"wp:featuredmedia":[{"embeddable":true,"href":"http:\/\/desarrollo.grupomedios.com\/futbol\/wp-json\/wp\/v2\/media\/306430"}],"wp:attachment":[{"href":"http:\/\/desarrollo.grupomedios.com\/futbol\/wp-json\/wp\/v2\/media?parent=306423"}],"wp:term":[{"taxonomy":"category","embeddable":true,"href":"http:\/\/desarrollo.grupomedios.com\/futbol\/wp-json\/wp\/v2\/categories?post=306423"},{"taxonomy":"post_tag","embeddable":true,"href":"http:\/\/desarrollo.grupomedios.com\/futbol\/wp-json\/wp\/v2\/tags?post=306423"}],"curies":[{"name":"wp","href":"https:\/\/api.w.org\/{rel}","templated":true}]}}