{"id":306614,"date":"2015-08-27T09:01:22","date_gmt":"2015-08-27T14:01:22","guid":{"rendered":"http:\/\/futboltotal.com.mx\/?p=306614"},"modified":"2015-08-27T09:05:46","modified_gmt":"2015-08-27T14:05:46","slug":"xabi-alonso-y-thiago-alcantara-con-sus-chistosas-clases-de-aleman","status":"publish","type":"post","link":"http:\/\/desarrollo.grupomedios.com\/futbol\/videos\/xabi-alonso-y-thiago-alcantara-con-sus-chistosas-clases-de-aleman\/2015\/08","title":{"rendered":"Xabi y Thiago sufren con sus clases de alem\u00e1n"},"content":{"rendered":"<p>El entendimiento en la cancha y fuera de ella entre Thiago Alc\u00e1ntara y Xabi Alonso es genial pero para contar con una conexi\u00f3n may\u00fascula con el resto de sus compa\u00f1eros, es necesario acudir a la escuela de nuevo, o mejor dicho, con el maestro particular para aprender el dif\u00edcil idioma alem\u00e1n. <\/p>\n<p>En este video que publica el Bayern M\u00fanich podemos ver c\u00f3mo se desenvuelven con el idioma los dos futbolistas espa\u00f1oles del equipo dirigido por Pep Guardiola.<\/p>\n<p>Xabi Alonso y Thiago son preguntados por el profesor que les da estas clases particulares donde incide en la construcci\u00f3n de frases, preguntas y palabras que apelan a la tradici\u00f3n de la sociedad b\u00e1vara.<\/p>\n<p>Con algunas dificultades, mucho empe\u00f1o y sentido del humor, Xabi Alonso y Thiago acaban aprobando su particular asignatura, no sin antes sufrir con su misi\u00f3n. <\/p>\n<p><iframe loading=\"lazy\" src=\"https:\/\/www.youtube.com\/embed\/El3i4MjyVo4?start=262&#038;feature=oembed\" frameborder=\"0\" allowfullscreen><\/iframe><\/p>\n","protected":false},"excerpt":{"rendered":"<p>En su tiempo libre aprenden con dificultades el idioma <\/p>\n","protected":false},"author":20,"featured_media":306618,"comment_status":"open","ping_status":"open","sticky":false,"template":"","format":"standard","meta":[],"categories":[4],"tags":[2056,1072,1618],"_links":{"self":[{"href":"http:\/\/desarrollo.grupomedios.com\/futbol\/wp-json\/wp\/v2\/posts\/306614"}],"collection":[{"href":"http:\/\/desarrollo.grupomedios.com\/futbol\/wp-json\/wp\/v2\/posts"}],"about":[{"href":"http:\/\/desarrollo.grupomedios.com\/futbol\/wp-json\/wp\/v2\/types\/post"}],"author":[{"embeddable":true,"href":"http:\/\/desarrollo.grupomedios.com\/futbol\/wp-json\/wp\/v2\/users\/20"}],"replies":[{"embeddable":true,"href":"http:\/\/desarrollo.grupomedios.com\/futbol\/wp-json\/wp\/v2\/comments?post=306614"}],"version-history":[{"count":0,"href":"http:\/\/desarrollo.grupomedios.com\/futbol\/wp-json\/wp\/v2\/posts\/306614\/revisions"}],"wp:featuredmedia":[{"embeddable":true,"href":"http:\/\/desarrollo.grupomedios.com\/futbol\/wp-json\/wp\/v2\/media\/306618"}],"wp:attachment":[{"href":"http:\/\/desarrollo.grupomedios.com\/futbol\/wp-json\/wp\/v2\/media?parent=306614"}],"wp:term":[{"taxonomy":"category","embeddable":true,"href":"http:\/\/desarrollo.grupomedios.com\/futbol\/wp-json\/wp\/v2\/categories?post=306614"},{"taxonomy":"post_tag","embeddable":true,"href":"http:\/\/desarrollo.grupomedios.com\/futbol\/wp-json\/wp\/v2\/tags?post=306614"}],"curies":[{"name":"wp","href":"https:\/\/api.w.org\/{rel}","templated":true}]}}