{"id":306816,"date":"2015-08-27T14:26:37","date_gmt":"2015-08-27T19:26:37","guid":{"rendered":"http:\/\/futboltotal.com.mx\/?p=306816"},"modified":"2015-08-27T14:26:37","modified_gmt":"2015-08-27T19:26:37","slug":"wolfsburgo-inaugurara-estadio-del-puebla","status":"publish","type":"post","link":"http:\/\/desarrollo.grupomedios.com\/futbol\/futbol-mexicano\/wolfsburgo-inaugurara-estadio-del-puebla\/2015\/08","title":{"rendered":"Wolfsburgo \u00bfinaugurar\u00e1 estadio del Puebla?"},"content":{"rendered":"<p>Pese a que se retras\u00f3 la reapertura del <strong>estadio Cuauht\u00e9moc<\/strong>, pues las remodelaciones a\u00fan est\u00e1n en progreso; la directiva del <a href=\"http:\/\/futboltotal.com.mx\/equipos\/puebla\/\" target=\"_blank\"><strong>Puebla<\/strong><\/a> ya busca al equipo que sirva para la inauguraci\u00f3n del recinto, con esto en mente se decantar\u00eda por el actual campe\u00f3n de la Supercopa de Alemania, <strong>Wolfsburgo<\/strong> para ser el primer rival en la nueva etapa de la casa <em>camotera<\/em>.<\/p>\n<p>En la semana, el propietario de la <em>Franja<\/em>, Jes\u00fas L\u00f3pez Chargoy, se\u00f1al\u00f3 que anhelan traer a un conjunto de talla mundial, despu\u00e9s que se descartara el M\u00e9xico contra Panam\u00e1 porque las instalaciones no estar\u00e1n listas para el 13 de octubre, por ello el empresario hizo una encuesta para que la afici\u00f3n emitiera su opini\u00f3n.<\/p>\n<blockquote class=\"twitter-tweet\" lang=\"es\">\n<p dir=\"ltr\" lang=\"es\">La preferencia qued\u00f3 as\u00ed: Barcelona 71, River 65, Real 63, Atl\u00e9tico 23, Boca 19, Wolfsburg 18, Porto 15 y Galaxy 10. Ahora a esperar (cont)<\/p>\n<p>\u2014 Jes\u00fas L\u00f3pez Chargoy (@jesuslopezch) <a href=\"https:\/\/twitter.com\/jesuslopezch\/status\/636270319364239360\">agosto 25, 2015<\/a><\/p><\/blockquote>\n<p><script src=\"\/\/platform.twitter.com\/widgets.js\" async=\"\" charset=\"utf-8\"><\/script><\/p>\n<p>Si bien Barcelona fue el club con mayor cantidad de votos por los seguidores del <strong>Puebla<\/strong>, el costo podr\u00eda estar por encima del presupuesto, sin embargo, entre la lista figura <strong>Wolfsburgo<\/strong> como uno de los m\u00e1s deseados.<\/p>\n<p>Ante tal panorama, los <em>Camoteros<\/em> ya empezaron las negociaciones para traer a fin de a\u00f1o a los <em>Lobos<\/em>, seg\u00fan una publicaci\u00f3n de <em>R\u00e9cord<\/em>.<\/p>\n<p>\u00bfTe gustar\u00eda al <strong>Wolfsburgo<\/strong> para la reapertura del <strong>estadio Cuauht\u00e9moc<\/strong>, <em>crack<\/em>?<\/p>\n<p>[video_player]https:\/\/player.vimeo.com\/external\/137298893.sd.mp4?s=2bc0b51c99dd990217a9b2d13af0c1b8&amp;profile_id=112[\/video_player]<\/p>\n","protected":false},"excerpt":{"rendered":"<p>La directiva camotera quiere traer al cuadro alem\u00e1n <\/p>\n","protected":false},"author":20,"featured_media":306817,"comment_status":"open","ping_status":"open","sticky":false,"template":"","format":"standard","meta":[],"categories":[3839,2198,3845],"tags":[5969,3521],"_links":{"self":[{"href":"http:\/\/desarrollo.grupomedios.com\/futbol\/wp-json\/wp\/v2\/posts\/306816"}],"collection":[{"href":"http:\/\/desarrollo.grupomedios.com\/futbol\/wp-json\/wp\/v2\/posts"}],"about":[{"href":"http:\/\/desarrollo.grupomedios.com\/futbol\/wp-json\/wp\/v2\/types\/post"}],"author":[{"embeddable":true,"href":"http:\/\/desarrollo.grupomedios.com\/futbol\/wp-json\/wp\/v2\/users\/20"}],"replies":[{"embeddable":true,"href":"http:\/\/desarrollo.grupomedios.com\/futbol\/wp-json\/wp\/v2\/comments?post=306816"}],"version-history":[{"count":0,"href":"http:\/\/desarrollo.grupomedios.com\/futbol\/wp-json\/wp\/v2\/posts\/306816\/revisions"}],"wp:featuredmedia":[{"embeddable":true,"href":"http:\/\/desarrollo.grupomedios.com\/futbol\/wp-json\/wp\/v2\/media\/306817"}],"wp:attachment":[{"href":"http:\/\/desarrollo.grupomedios.com\/futbol\/wp-json\/wp\/v2\/media?parent=306816"}],"wp:term":[{"taxonomy":"category","embeddable":true,"href":"http:\/\/desarrollo.grupomedios.com\/futbol\/wp-json\/wp\/v2\/categories?post=306816"},{"taxonomy":"post_tag","embeddable":true,"href":"http:\/\/desarrollo.grupomedios.com\/futbol\/wp-json\/wp\/v2\/tags?post=306816"}],"curies":[{"name":"wp","href":"https:\/\/api.w.org\/{rel}","templated":true}]}}